{"id":40059,"date":"2021-09-28T11:42:28","date_gmt":"2021-09-28T15:42:28","guid":{"rendered":"https:\/\/inces.gob.ve\/?p=40059"},"modified":"2021-09-28T12:07:37","modified_gmt":"2021-09-28T16:07:37","slug":"barinas-inces-recibio-a-la-ministra-de-educacion-yelitze-santaella","status":"publish","type":"post","link":"https:\/\/inces.gob.ve\/index.php\/2021\/09\/28\/barinas-inces-recibio-a-la-ministra-de-educacion-yelitze-santaella\/","title":{"rendered":"BARINAS | Inces recibi\u00f3 a la ministra de Educaci\u00f3n Yelitze Santaella"},"content":{"rendered":"<p style=\"text-align: justify;\"><em><strong><span style=\"font-size: 14pt;\">** La casa formativa trabaja en la recuperaci\u00f3n de espacios para un retorno seguro y progresivo a las aulas, a\u00f1o escolar 2021 &#8211; 2022<\/span><\/strong><\/em><!--more--><\/p>\n<p style=\"text-align: justify;\"><strong><span style=\"font-size: 14pt;\">HIRASYANEL BAYONA<\/span><\/strong><\/p>\n<p style=\"text-align: justify;\"><span style=\"font-size: 14pt;\">La ministra de Educaci\u00f3n, Yelitze Santaella, visit\u00f3 al estado Barinas, e hizo acto de presencia en el Liceo Bolivariano Daniel Florencio O\u00b4Leary, ubicado en el centro del municipio capital, para constatar los avances de los trabajos de recuperaci\u00f3n correspondientes al plan \u201cUna gota de amor para mi escuela\u201d; orientaci\u00f3n emanada por el gobierno nacional y respaldada por el gobierno regional.<\/span><\/p>\n<p style=\"text-align: justify;\"><span style=\"font-size: 14pt;\">En la actividad estuvieron presentes el gobernador del estado, Argenis Ch\u00e1vez; jefa de la Zona Educativa de la entidad, Mirla Castellanos, y el gerente regional de Inces Barinas, \u00c1lvaro Oviedo, en compa\u00f1\u00eda de representantes de diversas instituciones regionales.<\/span><\/p>\n<p style=\"text-align: justify;\"><span style=\"font-size: 14pt;\">Oviedo inform\u00f3 que el d\u00eda previo a la visita de la Ministra y durante la visita misma, estuvieron presentes en la instituci\u00f3n las brigadas productivas del Inces Barinas en el \u00e1rea de electricidad, refrigeraci\u00f3n, herrer\u00eda y soldadura, mismas que han venido prestando apoyo en diversas instituciones educativas priorizadas en conjunto con la Fundaci\u00f3n de Edificaciones y Dotaciones Educativas y la Zona Educativa Barinas.<\/span><\/p>\n<p style=\"text-align: justify;\"><span style=\"font-size: 14pt;\">Durante la actividad la Ministra pudo observar en vivo la puesta en pr\u00e1ctica de diversas ocupaciones productivas, por medio de las cuales los integrantes de nuestras brigadas colocaron al servicio de la educaci\u00f3n su talento t\u00e9cnico para la recuperaci\u00f3n de mesas sillas escolares en relaci\u00f3n a herrer\u00eda, soldadura, torniller\u00eda y pintura, siendo la Ministra testigo presencial del invaluable trabajo que el Inces aporta a la recuperaci\u00f3n de la infraestructura escolar, c\u00f3nsonos con el cumplimiento de orientaciones emanadas por el presidente Nicol\u00e1s Maduro, dando nuevamente muestra de que el Inces es una instituciones del pueblo y para el pueblo, que siempre ha estado y contin\u00faa estando y presta al beneficio social y colectivo contando con un gran equipo de trabajo dispuesto siempre a prestar su apoyo.<\/span><\/p>\n","protected":false},"excerpt":{"rendered":"<p>** La casa formativa trabaja en la recuperaci\u00f3n de espacios para un retorno seguro y progresivo a las aulas, a\u00f1o escolar 2021 &#8211; 2022<\/p>\n","protected":false},"author":4,"featured_media":40060,"comment_status":"closed","ping_status":"closed","sticky":false,"template":"","format":"standard","meta":{"footnotes":""},"categories":[2],"tags":[],"class_list":["post-40059","post","type-post","status-publish","format-standard","has-post-thumbnail","hentry","category-blog"],"_links":{"self":[{"href":"https:\/\/inces.gob.ve\/index.php\/wp-json\/wp\/v2\/posts\/40059","targetHints":{"allow":["GET"]}}],"collection":[{"href":"https:\/\/inces.gob.ve\/index.php\/wp-json\/wp\/v2\/posts"}],"about":[{"href":"https:\/\/inces.gob.ve\/index.php\/wp-json\/wp\/v2\/types\/post"}],"author":[{"embeddable":true,"href":"https:\/\/inces.gob.ve\/index.php\/wp-json\/wp\/v2\/users\/4"}],"replies":[{"embeddable":true,"href":"https:\/\/inces.gob.ve\/index.php\/wp-json\/wp\/v2\/comments?post=40059"}],"version-history":[{"count":2,"href":"https:\/\/inces.gob.ve\/index.php\/wp-json\/wp\/v2\/posts\/40059\/revisions"}],"predecessor-version":[{"id":40065,"href":"https:\/\/inces.gob.ve\/index.php\/wp-json\/wp\/v2\/posts\/40059\/revisions\/40065"}],"wp:featuredmedia":[{"embeddable":true,"href":"https:\/\/inces.gob.ve\/index.php\/wp-json\/wp\/v2\/media\/40060"}],"wp:attachment":[{"href":"https:\/\/inces.gob.ve\/index.php\/wp-json\/wp\/v2\/media?parent=40059"}],"wp:term":[{"taxonomy":"category","embeddable":true,"href":"https:\/\/inces.gob.ve\/index.php\/wp-json\/wp\/v2\/categories?post=40059"},{"taxonomy":"post_tag","embeddable":true,"href":"https:\/\/inces.gob.ve\/index.php\/wp-json\/wp\/v2\/tags?post=40059"}],"curies":[{"name":"wp","href":"https:\/\/api.w.org\/{rel}","templated":true}]}}