{"id":40090,"date":"2021-09-30T04:40:48","date_gmt":"2021-09-30T08:40:48","guid":{"rendered":"https:\/\/inces.gob.ve\/?p=40090"},"modified":"2021-09-29T20:44:12","modified_gmt":"2021-09-30T00:44:12","slug":"bolivar-el-inces-se-fue-hasta-la-base-de-misiones-socialistas-dario-vivas","status":"publish","type":"post","link":"https:\/\/inces.gob.ve\/index.php\/2021\/09\/30\/bolivar-el-inces-se-fue-hasta-la-base-de-misiones-socialistas-dario-vivas\/","title":{"rendered":"BOL\u00cdVAR | El Inces se fue hasta la Base de Misiones Socialistas \u201cDar\u00edo Vivas\u201d"},"content":{"rendered":"<p style=\"text-align: justify;\"><em><strong><span style=\"font-size: 18pt;\">***La instituci\u00f3n cumple con las pol\u00edtica de atenci\u00f3n social a las familias vulnerables<\/span><\/strong><\/em><!--more--><\/p>\n<p>&nbsp;<\/p>\n<p style=\"text-align: justify;\"><span style=\"font-size: 18pt;\">El pasado S\u00e1bado, el Inces Bol\u00edvar se traslad\u00f3 hasta la Base de Misiones Socialistas \u201cDar\u00edo Vivas\u201d, de San F\u00e9lix, para recibir la visita del vicepresidente para el Socialismo Social y Territorial, Mervin Maldonado.<\/span><\/p>\n<p>&nbsp;<\/p>\n<p style=\"text-align: justify;\"><span style=\"font-size: 18pt;\">Mediante el plan \u201cAmor en acci\u00f3n a la v\u00edctimas de Bloqueo econ\u00f3mico\u201d, la Base de Misiones \u201cDar\u00edo Vivas\u201d, en la parroquia Sim\u00f3n Bol\u00edvar, del municipio Caron\u00ed, fue el centro abordaje donde se atendieron 3.904 familias con la entrega de medicamentos, canastillas a mujeres embarazadas y kits a brigadas deportivas.<\/span><\/p>\n<p>&nbsp;<\/p>\n<p style=\"text-align: justify;\"><span style=\"font-size: 18pt;\">Por su parte el Inces Bol\u00edvar, baluarte en la formaci\u00f3n t\u00e9cnica profesional y productiva se mantiene movilizado a trav\u00e9s de la brigada productiva de barber\u00eda, siguiendo la ruta del Gobierno de Calle y la articulaci\u00f3n de la alcald\u00eda socialista de Caron\u00ed en diversos sectores, as\u00ed como la inspecci\u00f3n de las escuelas, ante el inicio de la temporada escolar con la recuperaci\u00f3n de las mesas y pupitres.<\/span><\/p>\n","protected":false},"excerpt":{"rendered":"<p>***La instituci\u00f3n cumple con las pol\u00edtica de atenci\u00f3n social a las familias vulnerables<\/p>\n","protected":false},"author":4,"featured_media":40091,"comment_status":"closed","ping_status":"closed","sticky":false,"template":"","format":"standard","meta":{"footnotes":""},"categories":[2],"tags":[],"class_list":["post-40090","post","type-post","status-publish","format-standard","has-post-thumbnail","hentry","category-blog"],"_links":{"self":[{"href":"https:\/\/inces.gob.ve\/index.php\/wp-json\/wp\/v2\/posts\/40090","targetHints":{"allow":["GET"]}}],"collection":[{"href":"https:\/\/inces.gob.ve\/index.php\/wp-json\/wp\/v2\/posts"}],"about":[{"href":"https:\/\/inces.gob.ve\/index.php\/wp-json\/wp\/v2\/types\/post"}],"author":[{"embeddable":true,"href":"https:\/\/inces.gob.ve\/index.php\/wp-json\/wp\/v2\/users\/4"}],"replies":[{"embeddable":true,"href":"https:\/\/inces.gob.ve\/index.php\/wp-json\/wp\/v2\/comments?post=40090"}],"version-history":[{"count":1,"href":"https:\/\/inces.gob.ve\/index.php\/wp-json\/wp\/v2\/posts\/40090\/revisions"}],"predecessor-version":[{"id":40092,"href":"https:\/\/inces.gob.ve\/index.php\/wp-json\/wp\/v2\/posts\/40090\/revisions\/40092"}],"wp:featuredmedia":[{"embeddable":true,"href":"https:\/\/inces.gob.ve\/index.php\/wp-json\/wp\/v2\/media\/40091"}],"wp:attachment":[{"href":"https:\/\/inces.gob.ve\/index.php\/wp-json\/wp\/v2\/media?parent=40090"}],"wp:term":[{"taxonomy":"category","embeddable":true,"href":"https:\/\/inces.gob.ve\/index.php\/wp-json\/wp\/v2\/categories?post=40090"},{"taxonomy":"post_tag","embeddable":true,"href":"https:\/\/inces.gob.ve\/index.php\/wp-json\/wp\/v2\/tags?post=40090"}],"curies":[{"name":"wp","href":"https:\/\/api.w.org\/{rel}","templated":true}]}}