{"id":40093,"date":"2021-09-30T04:49:15","date_gmt":"2021-09-30T08:49:15","guid":{"rendered":"https:\/\/inces.gob.ve\/?p=40093"},"modified":"2021-09-29T21:01:59","modified_gmt":"2021-09-30T01:01:59","slug":"40093","status":"publish","type":"post","link":"https:\/\/inces.gob.ve\/index.php\/2021\/09\/30\/40093\/","title":{"rendered":"ARAGUA | Inces contin\u00faa con los procesos formativos en las entidades de trabajo"},"content":{"rendered":"<p style=\"text-align: justify;\"><em><strong><span style=\"font-size: 18pt;\">*** Es importante destacar el trabajo que ha venido realizando la Unidad de Formaci\u00f3n Delegada y Adiestramiento de la instituci\u00f3n a trav\u00e9s del Plan de Formadores de Entidades de Trabajo<\/span><\/strong><\/em><!--more--><\/p>\n<p>&nbsp;<\/p>\n<p>&nbsp;<\/p>\n<p style=\"text-align: justify;\"><strong><span style=\"font-size: 18pt;\">ROD\u00cdN BUSTILLOS<\/span><\/strong><\/p>\n<p style=\"text-align: justify;\"><span style=\"font-size: 18pt;\">El Inces, a trav\u00e9s de las Unidades de Trabajo de Formaci\u00f3n Delegada y Adiestramiento, contin\u00faa con los procesos formativos a los trabajadores y trabajadoras en las entidades trabajo.\u00a0\u00a0\u00a0\u00a0\u00a0\u00a0<\/span><\/p>\n<p style=\"text-align: justify;\"><span style=\"font-size: 18pt;\">As\u00ed lo inform\u00f3 el gerente regional del Inces Aragua, Oliver Medina, quien se\u00f1al\u00f3 que estas formaciones tienen como objetivo llevar la escuela de formaci\u00f3n dentro de las f\u00e1bricas.<\/span><\/p>\n<p style=\"text-align: justify;\"><span style=\"font-size: 18pt;\">\u00abEn cada f\u00e1brica debe existir una escuela de formaci\u00f3n y autoformaci\u00f3n, la cual va a permitir formar a los trabajadores y trabajadoras de las entidades trabajo, esto con el fin de certificarlos y acreditarlos en sus conocimientos para garantizar una formaci\u00f3n pertinente en el \u00e1rea productiva\u00bb, acot\u00f3 Medina.<\/span><\/p>\n<p style=\"text-align: justify;\"><span style=\"font-size: 18pt;\">Por su parte la jefa de la Unidad de Formaci\u00f3n Delegada y Adiestramiento en Entidades de Trabajo del Inces regional Aragua, Rebeca Carpio, inform\u00f3 que la instituci\u00f3n ha venido formando simult\u00e1neamente en la modalidad presencial, semi presencial y virtual, a trabajadores y trabajadoras.<\/span><\/p>\n<p style=\"text-align: justify;\"><span style=\"font-size: 18pt;\">Inform\u00f3 Carpio que las entidades de trabajo ubicadas en la zona industrial de San Vicente son: Laboratorio Aldor, C.A, FIMACA, Tellus de Venezuela, C.A.,Tucaren de Venezuela, C.A. , Consorcio Licorero, C.A., Nanta de Venezuela, C.A., Alimentos Flor de Aragua, Reveex de Venezuela, C.A. ,Alimentos Indaeca, C.A., Laboratorio Arco iris, C.A., Reveex Nutrici\u00f3n, Laboratorio Pharmakum de Venezuela, Agrinova e Ilardo System.<\/span><\/p>\n<p style=\"text-align: justify;\"><span style=\"font-size: 18pt;\">\u00abSe dieron formaciones en liderazgo y cultura organizacional, Valores en Acci\u00f3n. As\u00ed como tambi\u00e9n se dieron formaciones en las entidades de trabajo del municipio Santiago Mari\u00f1o y Jos\u00e9 Angel Lamas Panexus de Venezuela y 3P inversiones, en Herramientas para el cambio y Motivaci\u00f3n y Comportamiento Humano\u00bb, explic\u00f3 Carpio. En el caso de la entidad de trabajo Corporaci\u00f3n Kurisan (Motos Bera), se imparti\u00f3 formaci\u00f3n en Herramientas para el cambio y Desarrollo y crecimiento personal.<\/span><\/p>\n<p style=\"text-align: justify;\"><span style=\"font-size: 18pt;\">Se\u00f1al\u00f3 Carpio, que es importante destacar el trabajo que ha venido realizando la Unidad de Formaci\u00f3n Delegada y Adiestramiento de la instituci\u00f3n a trav\u00e9s del Plan de Formadores de Entidades de Trabajo, (FET). \u00abEl Inces siempre presente en las entidades de Trabajo, formando a nuestros trabajadores y trabajadoras. Hemos venido trabajando y avanzando en los procesos formativos en nuestra entidad del estado Alimentos Kellogg, donde se esta llevando a cabo la formaci\u00f3n FET, Proceso de Certificaci\u00f3n, e iniciar Bachiller Productivo. La Unidad de Formaci\u00f3n Delegada, por medio del Plan de formaci\u00f3n, se tiene el control y seguimiento de los procesos formativos\u00bb.<\/span><\/p>\n<p style=\"text-align: justify;\"><span style=\"font-size: 18pt;\">Esto se realiza cumpliendo con las lineamientos del presidente Nicol\u00e1s Maduro Moros; del viceministro de Comunidades Educativas y Uni\u00f3n con el Pueblo y Presidente del Inces Wuikelman Angel y el gerente Rrgional del Inces Aragua, Oliver Medina, en aras de fortalecer la formaci\u00f3n y autoformaci\u00f3n, integral, continua y permanente de los trabajadores y trabajadoras, en las entidades de trabajo como estrategia primordial en los procesos de formaci\u00f3n para impulsar una econom\u00eda productiva dentro de los 16 motores de la naci\u00f3n.\u00a0\u00a0\u00a0\u00a0<\/span><\/p>\n","protected":false},"excerpt":{"rendered":"<p>*** Es importante destacar el trabajo que ha venido realizando la Unidad de Formaci\u00f3n Delegada y Adiestramiento de la instituci\u00f3n a trav\u00e9s del Plan de Formadores de Entidades de Trabajo<\/p>\n","protected":false},"author":4,"featured_media":40094,"comment_status":"closed","ping_status":"closed","sticky":false,"template":"","format":"standard","meta":{"footnotes":""},"categories":[2],"tags":[],"class_list":["post-40093","post","type-post","status-publish","format-standard","has-post-thumbnail","hentry","category-blog"],"_links":{"self":[{"href":"https:\/\/inces.gob.ve\/index.php\/wp-json\/wp\/v2\/posts\/40093","targetHints":{"allow":["GET"]}}],"collection":[{"href":"https:\/\/inces.gob.ve\/index.php\/wp-json\/wp\/v2\/posts"}],"about":[{"href":"https:\/\/inces.gob.ve\/index.php\/wp-json\/wp\/v2\/types\/post"}],"author":[{"embeddable":true,"href":"https:\/\/inces.gob.ve\/index.php\/wp-json\/wp\/v2\/users\/4"}],"replies":[{"embeddable":true,"href":"https:\/\/inces.gob.ve\/index.php\/wp-json\/wp\/v2\/comments?post=40093"}],"version-history":[{"count":2,"href":"https:\/\/inces.gob.ve\/index.php\/wp-json\/wp\/v2\/posts\/40093\/revisions"}],"predecessor-version":[{"id":40096,"href":"https:\/\/inces.gob.ve\/index.php\/wp-json\/wp\/v2\/posts\/40093\/revisions\/40096"}],"wp:featuredmedia":[{"embeddable":true,"href":"https:\/\/inces.gob.ve\/index.php\/wp-json\/wp\/v2\/media\/40094"}],"wp:attachment":[{"href":"https:\/\/inces.gob.ve\/index.php\/wp-json\/wp\/v2\/media?parent=40093"}],"wp:term":[{"taxonomy":"category","embeddable":true,"href":"https:\/\/inces.gob.ve\/index.php\/wp-json\/wp\/v2\/categories?post=40093"},{"taxonomy":"post_tag","embeddable":true,"href":"https:\/\/inces.gob.ve\/index.php\/wp-json\/wp\/v2\/tags?post=40093"}],"curies":[{"name":"wp","href":"https:\/\/api.w.org\/{rel}","templated":true}]}}