{"id":40144,"date":"2021-09-28T12:48:02","date_gmt":"2021-09-28T16:48:02","guid":{"rendered":"https:\/\/inces.gob.ve\/?p=40144"},"modified":"2021-10-04T10:37:27","modified_gmt":"2021-10-04T14:37:27","slug":"trujillo-inces-migra-inscripcion-de-basica-a-campus-virtual","status":"publish","type":"post","link":"https:\/\/inces.gob.ve\/index.php\/2021\/09\/28\/trujillo-inces-migra-inscripcion-de-basica-a-campus-virtual\/","title":{"rendered":"TRUJILLO | Inces migra inscripci\u00f3n de b\u00e1sica a campus virtual"},"content":{"rendered":"<div id=\":14c\" class=\"a3s aiL msg-1320392143982879658\">\n<div dir=\"ltr\">\n<div>\n<p align=\"justify\"><em><span style=\"font-family: Liberation Serif, serif; font-size: 14pt;\">** <span style=\"color: #000000;\">El estreno formal de esta nueva plataforma tecnol\u00f3gica se realiz\u00f3 en la semana aniversario del Inces con motivo de sus 62 a\u00f1os de fundaci\u00f3n donde la rueda de prensa \u00c1ngel Paredes explic\u00f3 al p\u00fablico los pormenores de este nuevo sistema autom\u00e1tico de inscripci\u00f3n<\/span><\/span><\/em><\/p>\n<\/div>\n<\/div>\n<\/div>\n<p><strong><!--more--><\/strong><\/p>\n<p>&nbsp;<\/p>\n<p><strong>MAR\u00cdA CABRERA<\/strong><\/p>\n<div id=\":14c\" class=\"a3s aiL msg-1320392143982879658\">\n<div dir=\"ltr\">\n<div>\n<p align=\"justify\">La Unidad Educativa del Inces Trujillo procede esta semana a ingresar a los estudiantes de dicho plantel al \u201cCampus Virtual Inces\u201d plataforma tecnol\u00f3gica en la cual la matr\u00edcula de los participantes seles registra para la formaci\u00f3n laboral y productiva requerida.<\/p>\n<p align=\"justify\">Solimar Morillo, coordinadora de la Unidad B\u00e1sica Inces-Trujillo es la encargada de efectuar el ingreso de los participantes que desde la semana pasada se iniciaron en este sistema novedoso que aporta el Inces al Estado venezolano con la intencionalidad de que se conozca la real situaci\u00f3n de los j\u00f3venes que ingresa a la modalidad de estudios de j\u00f3venes, adultos y adultas.<\/p>\n<p align=\"justify\">Como se recordar\u00e1 el pasado 1 de agosto del presente a\u00f1o -internamente- el Instituto Nacional de Capacitaci\u00f3n y Educaci\u00f3n Socialista estren\u00f3 de forma oficial la nueva plataforma tecnol\u00f3gica \u201cCampus Virtual\u201d la cual har\u00e1 m\u00e1s viable y din\u00e1mica tanto la formaci\u00f3n, inscripci\u00f3n de los participantes y de todos los controles internos que se desarrollan en el organismo.<\/p>\n<p align=\"justify\">En esa oportunidad Ang\u00e9lica Mor\u00f3n Aldana, Gerente Regional explic\u00f3 que Trujillo har\u00eda lo propio cumpliendo as\u00ed la decisi\u00f3n nacional del presidente del Inces, Wuikelman \u00c1ngel Paredes quien orden\u00f3 migrar hacia el \u201cCampus Virtual \u00abinsertando al organismo a los cambios y transformaciones tecnol\u00f3gicas que las sociedades experimentan obligados por la arremetida inesperada del covid-19 que impuls\u00f3 el uso m\u00e1s r\u00e1pido de estas \u00e1reas y sus redes mundialmente.<\/p>\n<p align=\"justify\">El estreno formal de esta nueva plataforma tecnol\u00f3gica se realiz\u00f3 en la semana aniversario del Inces con motivo de sus 62 a\u00f1os de fundaci\u00f3n donde en la rueda de prensa \u00c1ngel Paredes explic\u00f3 al p\u00fablico los pormenores de este nuevo sistema autom\u00e1tico de inscripci\u00f3n. Hasta el momento de la escritura de esta nota no se presentaron novedades en la tarea dignas de reporte de trascendencia administrativa.<\/p>\n<\/div>\n<\/div>\n<\/div>\n<p>&nbsp;<\/p>\n","protected":false},"excerpt":{"rendered":"<p>** El estreno formal de esta nueva plataforma tecnol\u00f3gica se realiz\u00f3 en la semana aniversario del Inces con motivo de sus 62 a\u00f1os de fundaci\u00f3n donde la rueda de prensa \u00c1ngel Paredes explic\u00f3 al p\u00fablico los pormenores de este nuevo sistema autom\u00e1tico de inscripci\u00f3n<\/p>\n","protected":false},"author":4,"featured_media":40158,"comment_status":"closed","ping_status":"closed","sticky":false,"template":"","format":"standard","meta":{"footnotes":""},"categories":[2],"tags":[],"class_list":["post-40144","post","type-post","status-publish","format-standard","has-post-thumbnail","hentry","category-blog"],"_links":{"self":[{"href":"https:\/\/inces.gob.ve\/index.php\/wp-json\/wp\/v2\/posts\/40144","targetHints":{"allow":["GET"]}}],"collection":[{"href":"https:\/\/inces.gob.ve\/index.php\/wp-json\/wp\/v2\/posts"}],"about":[{"href":"https:\/\/inces.gob.ve\/index.php\/wp-json\/wp\/v2\/types\/post"}],"author":[{"embeddable":true,"href":"https:\/\/inces.gob.ve\/index.php\/wp-json\/wp\/v2\/users\/4"}],"replies":[{"embeddable":true,"href":"https:\/\/inces.gob.ve\/index.php\/wp-json\/wp\/v2\/comments?post=40144"}],"version-history":[{"count":2,"href":"https:\/\/inces.gob.ve\/index.php\/wp-json\/wp\/v2\/posts\/40144\/revisions"}],"predecessor-version":[{"id":40159,"href":"https:\/\/inces.gob.ve\/index.php\/wp-json\/wp\/v2\/posts\/40144\/revisions\/40159"}],"wp:featuredmedia":[{"embeddable":true,"href":"https:\/\/inces.gob.ve\/index.php\/wp-json\/wp\/v2\/media\/40158"}],"wp:attachment":[{"href":"https:\/\/inces.gob.ve\/index.php\/wp-json\/wp\/v2\/media?parent=40144"}],"wp:term":[{"taxonomy":"category","embeddable":true,"href":"https:\/\/inces.gob.ve\/index.php\/wp-json\/wp\/v2\/categories?post=40144"},{"taxonomy":"post_tag","embeddable":true,"href":"https:\/\/inces.gob.ve\/index.php\/wp-json\/wp\/v2\/tags?post=40144"}],"curies":[{"name":"wp","href":"https:\/\/api.w.org\/{rel}","templated":true}]}}