{"id":40255,"date":"2021-10-06T12:21:23","date_gmt":"2021-10-06T16:21:23","guid":{"rendered":"https:\/\/inces.gob.ve\/?p=40255"},"modified":"2021-10-06T12:21:23","modified_gmt":"2021-10-06T16:21:23","slug":"aragua-inces-continua-certificando-saberes-para-impulsar-la-produccion-del-pais","status":"publish","type":"post","link":"https:\/\/inces.gob.ve\/index.php\/2021\/10\/06\/aragua-inces-continua-certificando-saberes-para-impulsar-la-produccion-del-pais\/","title":{"rendered":"ARAGUA | Inces contin\u00faa certificando saberes para impulsar la producci\u00f3n del pa\u00eds"},"content":{"rendered":"<p style=\"text-align: justify;\" align=\"justify\"><em><strong><span style=\"font-size: 14pt;\">** La instituci\u00f3n trabaja con las comunidades<\/span><\/strong><\/em><!--more--><\/p>\n<p align=\"justify\">\n<p style=\"text-align: justify;\" align=\"justify\"><span style=\"font-size: 14pt;\"><b>ROD\u00cdN BUSTILLOS<\/b><\/span><\/p>\n<p style=\"text-align: justify;\" align=\"justify\"><span style=\"font-size: 14pt;\">\u00abSiguiendo los lineamientos del presidente Nicol\u00e1s Maduro y del presidente del Inces, Wuikelman Angel, estamos abocados hacia la acreditaci\u00f3n de saberes por experiencia en los diferentes oficios que se dan en las comunidades y ese conocimiento emp\u00edrico lo estamos reconociendo junto con las fuerzas vivas del pueblo\u00bb.<\/span><\/p>\n<p align=\"justify\">\n<p style=\"text-align: justify;\" align=\"justify\"><span style=\"font-size: 14pt;\">As\u00ed lo manifest\u00f3 el gerente regional del Inces Aragua, Oliver Medina, quien se\u00f1al\u00f3 que la instituci\u00f3n se viene organizando en forma \u00f3ptima y eficaz, junto con las comunidades, para impulsar el aparato productivo del pa\u00eds.<\/span><\/p>\n<p align=\"justify\">\n<p style=\"text-align: justify;\" align=\"justify\"><span style=\"font-size: 14pt;\">\u00abLa instituci\u00f3n se ha desplegado en varios municipios de la entidad arag\u00fce\u00f1a para reconocer los saberes identificados gracias a la caracterizaci\u00f3n y clasificaci\u00f3n de \u00e1reas productivas, trabajo realizado por el Centro de Formaci\u00f3n Socialista (CFS) EPA (Escuela de Pr\u00e1ctica Agr\u00edcola), y los CFS Turismo, Polivalente Berm\u00fadez, Penitenciario y Cagua en las \u00e1reas industrial, turismo, telecomunicaciones, inform\u00e1tica, agr\u00edcola, ganader\u00eda y la econom\u00eda comunal; esto fortalecer\u00e1 la organizaci\u00f3n productiva que, a trav\u00e9s de las unidades productivas familiares y la empresa de propiedad social, es punta de lanza para el desarrollo de la econom\u00eda comunal\u00bb, acot\u00f3 Medina.<\/span><\/p>\n<p align=\"justify\">\n<p style=\"text-align: justify;\" align=\"justify\"><span style=\"font-size: 14pt;\">Al respecto, el jefe del CFS Polivalente Berm\u00fadez, Juan Chirinos, inform\u00f3 que estas acreditaciones de saberes se lograron en conjunto con la organizaci\u00f3n del poder popular. \u00abEst\u00e1s jornadas de acreditaci\u00f3n de saberes que realiza el Inces han sido un trabajo en conjunto con la juventud del Movimiento Robert Serra, el Frente Francisco de Miranda, el Movimiento Chamba Juvenil, la Juventud del Partido Socialista Unido de Venezuela, Misiones Educativas y el equipo pol\u00edtico de la alcald\u00eda del municipio Libertador, donde se certificaron 150 saberes por experiencia en los distintos sectores de la localidad tales como: Bello Monte, Ezequiel Zamora, Los Frutales, Los Hornos, Carrizalera, Tri\u00e1ngulo, La Pica 1, Las Am\u00e9ricas y la Ciudad Socialista\u00bb<\/span><\/p>\n<p align=\"justify\">\n<p style=\"text-align: justify;\" align=\"justify\"><span style=\"font-size: 14pt;\">Por su parte el CFS de Cagua, quien continua con las certificaci\u00f3n de saberes emp\u00edricos, tambi\u00e9n ha llevado a cabo el proceso de acreditaci\u00f3n. As\u00ed lo inform\u00f3 Degny Alecio, jefa del CFS Cagua, quien indic\u00f3 que el trabajo que se vienen ejecutando en esta materia ha sido satisfactorio. \u00abHemos sostenido reuniones con los productores del consejo campesino \u00abLa Tierra Prometida de Fusagri\u00bb en el sector Rafael Urdaneta, municipio Sucre, donde se acreditaron 17 productores que hacen vida en cada parcela asignada. Se tiene previsto que se acrediten 100 productores y en esta oportunidad acreditamos las ocupaciones de agricultor, criador de cerdos, criador de pollos de engorde, cultivador de leguminosas, cultivador de yuca, productor de ganado bovino y constructor de huertos familiares\u00bb.<\/span><\/p>\n<p align=\"justify\">\n<p style=\"text-align: justify;\" align=\"justify\"><span style=\"font-size: 14pt;\">Por \u00faltimo, el jefe del CFS Polivalente Berm\u00fadez manifest\u00f3 que la instituci\u00f3n tiene las puertas abiertas para el proceso formativo. \u00abAquellas personas que tengan la necesidad de formarse, el Inces abre sus puertas para formarlos en las distintas \u00e1reas productivas y dependiendo del contexto que se encuentren o del \u00e1rea donde se vaya a producir, podemos abrir el \u00e1rea industrial, que es el \u00e1rea que el pa\u00eds necesita para transformar nuestra propia materia prima. Vamos a dejar de ser dependientes, porque estamos en capacidad de generar tecnolog\u00eda y no seamos dependiente de potencias imperialistas\u00bb, puntualiz\u00f3 el jefe de Centro.<\/span><\/p>\n","protected":false},"excerpt":{"rendered":"<p>** La instituci\u00f3n trabaja con las comunidades<\/p>\n","protected":false},"author":4,"featured_media":40256,"comment_status":"closed","ping_status":"closed","sticky":false,"template":"","format":"standard","meta":{"footnotes":""},"categories":[2],"tags":[],"class_list":["post-40255","post","type-post","status-publish","format-standard","has-post-thumbnail","hentry","category-blog"],"_links":{"self":[{"href":"https:\/\/inces.gob.ve\/index.php\/wp-json\/wp\/v2\/posts\/40255","targetHints":{"allow":["GET"]}}],"collection":[{"href":"https:\/\/inces.gob.ve\/index.php\/wp-json\/wp\/v2\/posts"}],"about":[{"href":"https:\/\/inces.gob.ve\/index.php\/wp-json\/wp\/v2\/types\/post"}],"author":[{"embeddable":true,"href":"https:\/\/inces.gob.ve\/index.php\/wp-json\/wp\/v2\/users\/4"}],"replies":[{"embeddable":true,"href":"https:\/\/inces.gob.ve\/index.php\/wp-json\/wp\/v2\/comments?post=40255"}],"version-history":[{"count":1,"href":"https:\/\/inces.gob.ve\/index.php\/wp-json\/wp\/v2\/posts\/40255\/revisions"}],"predecessor-version":[{"id":40257,"href":"https:\/\/inces.gob.ve\/index.php\/wp-json\/wp\/v2\/posts\/40255\/revisions\/40257"}],"wp:featuredmedia":[{"embeddable":true,"href":"https:\/\/inces.gob.ve\/index.php\/wp-json\/wp\/v2\/media\/40256"}],"wp:attachment":[{"href":"https:\/\/inces.gob.ve\/index.php\/wp-json\/wp\/v2\/media?parent=40255"}],"wp:term":[{"taxonomy":"category","embeddable":true,"href":"https:\/\/inces.gob.ve\/index.php\/wp-json\/wp\/v2\/categories?post=40255"},{"taxonomy":"post_tag","embeddable":true,"href":"https:\/\/inces.gob.ve\/index.php\/wp-json\/wp\/v2\/tags?post=40255"}],"curies":[{"name":"wp","href":"https:\/\/api.w.org\/{rel}","templated":true}]}}