{"id":40262,"date":"2021-10-07T07:53:23","date_gmt":"2021-10-07T11:53:23","guid":{"rendered":"https:\/\/inces.gob.ve\/?p=40262"},"modified":"2021-10-07T07:53:47","modified_gmt":"2021-10-07T11:53:47","slug":"aragua-la-prevencion-y-el-mantenimiento-de-las-medidas-de-bioseguridad-son-la-clave","status":"publish","type":"post","link":"https:\/\/inces.gob.ve\/index.php\/2021\/10\/07\/aragua-la-prevencion-y-el-mantenimiento-de-las-medidas-de-bioseguridad-son-la-clave\/","title":{"rendered":"ARAGUA | La prevenci\u00f3n y el mantenimiento de las medidas de bioseguridad son la clave"},"content":{"rendered":"<p style=\"text-align: justify;\"><em><strong><span style=\"font-size: 14pt;\">** En torno a este tema, es clave aclarar que el proceso de vacunaci\u00f3n es sencillo. Se trata de protegernos contra enfermedades da\u00f1inas antes de entrar en contacto con ellas. Por tal motivo, el Inces Aragua brind\u00f3 sus espacios en la lucha contra el covid-19<\/span><\/strong><\/em><!--more--><\/p>\n<p style=\"text-align: justify;\">\n<p style=\"text-align: justify;\"><span style=\"font-size: 14pt;\"><b>NINOSKA PATRIZ<\/b><\/span><\/p>\n<p style=\"text-align: justify;\"><span style=\"font-size: 14pt;\">Representantes de Somos Venezuela Norte 2 Ubch, Sector La Romana, 23 de Enero, solicitaron el espacio del Inces para desarrollar una jornada masiva de vacunaci\u00f3n para beneficiar tanto a trabajadores como a la comunidad en general.<\/span><\/p>\n<p style=\"text-align: justify;\">\n<p style=\"text-align: justify;\"><span style=\"font-size: 14pt;\">Para ello, Ingrid Abariana, Nestor Rivas y Cristian Romero fueron atendidos personalmente por el gerente general, Oliver Medina, quien articul\u00f3 con sus vocer\u00edas en beneficio del colectivo en tiempos de pandemia.<\/span><\/p>\n<p style=\"text-align: justify;\">\n<p style=\"text-align: justify;\"><span style=\"font-size: 14pt;\">La activaci\u00f3n de las defensas naturales del organismo para resistir a infecciones espec\u00edficas y fortalecer el sistema inmunol\u00f3gico es un compromiso de todos en tiempos de pandemia. \u201cLas vacunas ponen en marcha las defensas naturales del organismo, y de ese modo, reducen el riesgo de contraer enfermedades\u201d, aclar\u00f3 el Dr. Jos\u00e9 Mendoza, coordinador del Centro CPT 23 de Enero, quien estuvo al frente de la actividad desarrollada en la plazoleta.<\/span><\/p>\n<p style=\"text-align: justify;\"><span style=\"font-size: 14pt;\">Por su parte, Osiris Aguirre, parte del equipo de Somos Venezuela Salud, indic\u00f3: \u201cNuestro sistema inmunitario est\u00e1 dise\u00f1ado para recordar. Tras la administraci\u00f3n de una o m\u00e1s dosis de una vacuna contra una enfermedad concreta, quedamos protegidos contra ella. Por eso las vacunas son tan importantes y m\u00e1s en esta \u00e9poca\u201d.<\/span><\/p>\n<p style=\"text-align: justify;\">\n<p style=\"text-align: justify;\"><span style=\"font-size: 14pt;\">De esta forma, continuando con lo establecido por el primer mandatario de la naci\u00f3n, nuestro presidente Nicol\u00e1s Maduro, el Inces Aragua recibi\u00f3 m\u00e1s de 200 personas entre ni\u00f1os y adultos, quienes recibieron vacunaci\u00f3n en Penta, Polio, Antiamar\u00edlica, Vero Cell y Sputnik-V.<\/span><\/p>\n<p style=\"text-align: justify;\">\n<p style=\"text-align: justify;\"><span style=\"font-size: 14pt;\">\u201cLos venezolanos nos crecemos ante las adversidades y esta es otra ocasi\u00f3n para demostrarlo. Hemos sufrido cualquier cantidad de ataques y seguimos en pie y hacia adelante. Seguiremos activos desde todo \u00e1ngulo posible y apostando a la formaci\u00f3n, autoformaci\u00f3n y liberaci\u00f3n del ser por medio del conocimiento y los saberes. Esta es nuestra mejor herramienta para apoyar el desarrollo integral de la naci\u00f3n\u201d, expres\u00f3 el gerente general, Oliver Medina.<\/span><\/p>\n","protected":false},"excerpt":{"rendered":"<p>** En torno a este tema, es clave aclarar que el proceso de vacunaci\u00f3n es sencillo. Se trata de protegernos contra enfermedades da\u00f1inas antes de entrar en contacto con ellas. Por tal motivo, el Inces Aragua brind\u00f3 sus espacios en la lucha contra el covid-19<\/p>\n","protected":false},"author":4,"featured_media":40263,"comment_status":"closed","ping_status":"closed","sticky":false,"template":"","format":"standard","meta":{"footnotes":""},"categories":[2],"tags":[],"class_list":["post-40262","post","type-post","status-publish","format-standard","has-post-thumbnail","hentry","category-blog"],"_links":{"self":[{"href":"https:\/\/inces.gob.ve\/index.php\/wp-json\/wp\/v2\/posts\/40262","targetHints":{"allow":["GET"]}}],"collection":[{"href":"https:\/\/inces.gob.ve\/index.php\/wp-json\/wp\/v2\/posts"}],"about":[{"href":"https:\/\/inces.gob.ve\/index.php\/wp-json\/wp\/v2\/types\/post"}],"author":[{"embeddable":true,"href":"https:\/\/inces.gob.ve\/index.php\/wp-json\/wp\/v2\/users\/4"}],"replies":[{"embeddable":true,"href":"https:\/\/inces.gob.ve\/index.php\/wp-json\/wp\/v2\/comments?post=40262"}],"version-history":[{"count":2,"href":"https:\/\/inces.gob.ve\/index.php\/wp-json\/wp\/v2\/posts\/40262\/revisions"}],"predecessor-version":[{"id":40265,"href":"https:\/\/inces.gob.ve\/index.php\/wp-json\/wp\/v2\/posts\/40262\/revisions\/40265"}],"wp:featuredmedia":[{"embeddable":true,"href":"https:\/\/inces.gob.ve\/index.php\/wp-json\/wp\/v2\/media\/40263"}],"wp:attachment":[{"href":"https:\/\/inces.gob.ve\/index.php\/wp-json\/wp\/v2\/media?parent=40262"}],"wp:term":[{"taxonomy":"category","embeddable":true,"href":"https:\/\/inces.gob.ve\/index.php\/wp-json\/wp\/v2\/categories?post=40262"},{"taxonomy":"post_tag","embeddable":true,"href":"https:\/\/inces.gob.ve\/index.php\/wp-json\/wp\/v2\/tags?post=40262"}],"curies":[{"name":"wp","href":"https:\/\/api.w.org\/{rel}","templated":true}]}}