{"id":40266,"date":"2021-10-07T08:06:06","date_gmt":"2021-10-07T12:06:06","guid":{"rendered":"https:\/\/inces.gob.ve\/?p=40266"},"modified":"2021-10-07T08:06:06","modified_gmt":"2021-10-07T12:06:06","slug":"trujillo-gnb-se-capacita-y-adiestra-en-el-inces","status":"publish","type":"post","link":"https:\/\/inces.gob.ve\/index.php\/2021\/10\/07\/trujillo-gnb-se-capacita-y-adiestra-en-el-inces\/","title":{"rendered":"Trujillo | GNB se capacita y adiestra en el Inces"},"content":{"rendered":"<p align=\"justify\"><span style=\"font-size: 14pt;\"><i><b>**Ang\u00e9lica Mor\u00f3n Aldana dio el visto bueno para que los integrantes de la Guardia Nacional fueran formados en las instalaciones del CFS \u201cBarbarita de La Torre\u201d ubicado en Valera, estado Trujillo<\/b><\/i><\/span><!--more--><\/p>\n<p align=\"justify\">\n<p align=\"justify\"><span style=\"font-size: 14pt;\"><b>MAR\u00cdA CABRERA<\/b><\/span><\/p>\n<p align=\"justify\"><span style=\"font-size: 14pt;\">Los integrantes de la gloriosa Guardia Nacional Bolivariana de Venezuela realizan en las instalaciones del Centro de Formaci\u00f3n Socialista \u201cBarbarita de La Torre\u201d un curso relacionado con Excel B\u00e1sico y Excel Avanzado, formaci\u00f3n que tiene demanda en este cuerpo de seguridad.<\/span><\/p>\n<p align=\"justify\">\n<p align=\"justify\"><span style=\"font-size: 14pt;\">Michel Hern\u00e1ndez es la maestro t\u00e9cnico productivo que, junto a Enderson Acevedo, maestro t\u00e9cnico voluntario, ambos del Inces-Trujillo asumen en esta ocasi\u00f3n la responsabilidad de proporcionar los conocimientos a los agentes militares que con la puntualidad acuden a las instalaciones del CFS de Valera.<\/span><\/p>\n<p align=\"justify\">\n<p align=\"justify\"><span style=\"font-size: 14pt;\">En el lugar encontramos a los 12 participantes, trajeados con su indumentaria oficial, atendiendo a cada una de las instrucciones que tanto Hern\u00e1ndez como Acevedo les proporcionan en esta formaci\u00f3n que es una de las m\u00e1s solicitadas por la comunidad, esto a prop\u00f3sito de la apertura que el gobierno nacional, efect\u00faa en organismo como el Inces donde se imparten este tipo de cursos.<\/span><\/p>\n<p align=\"justify\">\n<p align=\"justify\"><span style=\"font-size: 14pt;\">Los 12 participantes, provenientes de varios comandos y de jefaturas distintas de la GNB en el estado, estaban concentrados en las pr\u00e1cticas de Excel que se realizan desde el primer d\u00eda de clases, como es la costumbre en este tipo de cursos donde la inscripci\u00f3n es limitada dadas las medidas de bioseguridad que debemos cumplir por lo del covid-19.<\/span><\/p>\n<p align=\"justify\">\n<p align=\"justify\"><span style=\"font-size: 14pt;\">Ang\u00e9lica Mor\u00f3n Aldana, gerente regional, confirm\u00f3 la accesibilidad del curso a los miembros de la GNB quienes desde hace un tiempo atr\u00e1s manifestaron su intenci\u00f3n y la urgencia de estas formaciones, seg\u00fan reza la orden de operaciones del cuerpo de seguridad, la cual est\u00e1 enmarcada dentro del plan especial de capacitaci\u00f3n y adiestramiento que se desarrolla en dos turnos.<\/span><\/p>\n","protected":false},"excerpt":{"rendered":"<p>**Ang\u00e9lica Mor\u00f3n Aldana dio el visto bueno para que los integrantes de la Guardia Nacional fueran formados en las instalaciones del CFS \u201cBarbarita de La Torre\u201d ubicado en Valera, estado Trujillo<\/p>\n","protected":false},"author":4,"featured_media":40267,"comment_status":"closed","ping_status":"closed","sticky":false,"template":"","format":"standard","meta":{"footnotes":""},"categories":[2],"tags":[],"class_list":["post-40266","post","type-post","status-publish","format-standard","has-post-thumbnail","hentry","category-blog"],"_links":{"self":[{"href":"https:\/\/inces.gob.ve\/index.php\/wp-json\/wp\/v2\/posts\/40266","targetHints":{"allow":["GET"]}}],"collection":[{"href":"https:\/\/inces.gob.ve\/index.php\/wp-json\/wp\/v2\/posts"}],"about":[{"href":"https:\/\/inces.gob.ve\/index.php\/wp-json\/wp\/v2\/types\/post"}],"author":[{"embeddable":true,"href":"https:\/\/inces.gob.ve\/index.php\/wp-json\/wp\/v2\/users\/4"}],"replies":[{"embeddable":true,"href":"https:\/\/inces.gob.ve\/index.php\/wp-json\/wp\/v2\/comments?post=40266"}],"version-history":[{"count":1,"href":"https:\/\/inces.gob.ve\/index.php\/wp-json\/wp\/v2\/posts\/40266\/revisions"}],"predecessor-version":[{"id":40268,"href":"https:\/\/inces.gob.ve\/index.php\/wp-json\/wp\/v2\/posts\/40266\/revisions\/40268"}],"wp:featuredmedia":[{"embeddable":true,"href":"https:\/\/inces.gob.ve\/index.php\/wp-json\/wp\/v2\/media\/40267"}],"wp:attachment":[{"href":"https:\/\/inces.gob.ve\/index.php\/wp-json\/wp\/v2\/media?parent=40266"}],"wp:term":[{"taxonomy":"category","embeddable":true,"href":"https:\/\/inces.gob.ve\/index.php\/wp-json\/wp\/v2\/categories?post=40266"},{"taxonomy":"post_tag","embeddable":true,"href":"https:\/\/inces.gob.ve\/index.php\/wp-json\/wp\/v2\/tags?post=40266"}],"curies":[{"name":"wp","href":"https:\/\/api.w.org\/{rel}","templated":true}]}}