{"id":40269,"date":"2021-10-07T08:44:45","date_gmt":"2021-10-07T12:44:45","guid":{"rendered":"https:\/\/inces.gob.ve\/?p=40269"},"modified":"2021-10-07T08:44:45","modified_gmt":"2021-10-07T12:44:45","slug":"aragua-inces-se-suma-al-plan-una-gota-de-amor-para-mi-escuela-ante-inicio-de-clases","status":"publish","type":"post","link":"https:\/\/inces.gob.ve\/index.php\/2021\/10\/07\/aragua-inces-se-suma-al-plan-una-gota-de-amor-para-mi-escuela-ante-inicio-de-clases\/","title":{"rendered":"ARAGUA | Inces se suma al plan \u201cUna Gota de Amor para mi Escuela\u201d ante inicio de clases"},"content":{"rendered":"<p style=\"text-align: justify;\" align=\"justify\"><span style=\"font-size: 14pt;\"><em><strong>** La recuperaci\u00f3n de las mesas sillas garantiza espacios de calidad pra la educaci\u00f3n<\/strong><\/em><br \/>\n<\/span><!--more--><\/p>\n<p align=\"justify\">\n<p style=\"text-align: justify;\" align=\"justify\"><strong><span style=\"font-size: 14pt;\">ROD\u00cdN BUSTILLOS<\/span><\/strong><\/p>\n<p style=\"text-align: justify;\" align=\"justify\"><span style=\"font-size: 14pt;\">En vista del regreso a las clases presenciales para este mes de octubre, el Inces, siguiendo los lineamientos del Ejecutivo Nacional y del viceministro de Comunidades Educativas y Uni\u00f3n con el Pueblo y presidente del Inces Wuikelman Angel, se suma al plan\u201cUna Gota de Amor para mi Escuela\u00bb, a fin de garantizar el pleno funcionamiento de los planteles educativos para el nuevo per\u00edodo escolar 2021-2022.<\/span><\/p>\n<p align=\"justify\">\n<p style=\"text-align: justify;\" align=\"justify\"><span style=\"font-size: 14pt;\">As\u00ed lo inform\u00f3 el gerente regional del Inces Aragua, Oliver Medina, quien inform\u00f3 que la instituci\u00f3n est\u00e1 ejecutando, a trav\u00e9s de las Brigadas Comunales de Trabajo y Producci\u00f3n (Bricotp), planes de mantenimiento y prevenci\u00f3n para el mejoramiento de las infraestructura de los planteles educativos en la entidad arag\u00fce\u00f1a.<\/span><\/p>\n<p align=\"justify\">\n<p style=\"text-align: justify;\" align=\"justify\"><span style=\"font-size: 14pt;\">\u00abCon el trabajo en conjunto entre las comunidades organizadas y el personal obrero, docentes y directivos de las instituciones educativas y los movimientos sociales que hacen vida en las instituciones educativas en Aragua, hemos desplegado las brigadas productivas para realizar trabajos de mantenimiento para garantizar un \u00f3ptimo funcionamiento de las instituciones para el regreso a clases\u00bb, acot\u00f3 Medina.<\/span><\/p>\n<p align=\"justify\">\n<p style=\"text-align: justify;\" align=\"justify\"><span style=\"font-size: 14pt;\">Por su parte la jefa del Centro de Formaci\u00f3n Socialista (CFS) Metalminero Maracay, Elizabeth S\u00e1nchez, inform\u00f3 que el Inces ha venido ejecutando trabajos con las Bricotp del equipo de Mesa y Silla \u00abGotica de Amor Jos\u00e9 Casanova Godoy\u00bb, conformada por los distintos CFS de la instituci\u00f3n: Penitenciario, Polivalente Berm\u00fadez, Metalminero Maracay y Ferroviario, para la reparaci\u00f3n del mobiliario escolar.<\/span><\/p>\n<p align=\"justify\">\n<p style=\"text-align: justify;\" align=\"justify\"><span style=\"font-size: 14pt;\">\u00abEstamos desplegados en varias instituciones educativas como la U.E Andr\u00e9s Eloy Blanco, U.E La Fundaci\u00f3n, U.E Victorino G\u00f3mez, U.E Sim\u00f3n Bol\u00edvar y U.E Agust\u00edn Codazzi, en conjunto con el Ministerio de Educaci\u00f3n para llevar a cabo este plan \u00abMi Escuela Bella\u00bb, inform\u00f3 S\u00e1nchez.<\/span><\/p>\n<p align=\"justify\">\n<p style=\"text-align: justify;\" align=\"justify\"><span style=\"font-size: 14pt;\">Asimismo, el CFS Cagua contin\u00faa desplegado en las distintas instituciones educativas del municipio Sucre, realizando jornadas de desmalezamiento en las instalaciones del Centro de Educaci\u00f3n Inicial Estadal (CEIE), R\u00f3mulo Gallegos, ubicado en el sector Rafael Urdaneta de Cagua, donde particip\u00f3 personal docente, representantes del CEIE, personal de mantenimiento del CFS Cagua, con la coordinaci\u00f3n de la directora del plantel, la profesora Yamysabel R\u00edos y la jefa de CFS Cagua Degny Alecio.<\/span><\/p>\n<p align=\"justify\">\n<p style=\"text-align: justify;\" align=\"justify\"><span style=\"font-size: 14pt;\">Este plan \u00abUna Gota de Amor para mi Escuela\u00bb, inform\u00f3 el gerente regional del Inces Aragua, es un compromiso como gobierno a seguir trabajando al lado de ese pueblo organizado que hoy ha asumido la vanguardia y est\u00e1 haciendo el trabajo desde el territorio para garantizar al futuro de la patria y el nuevo inicio del a\u00f1o escolar 2021-2022.<\/span><\/p>\n<p align=\"justify\">\n<p style=\"text-align: justify;\" align=\"justify\"><span style=\"font-size: 14pt;\">\u00abLos trabajos son una articulaci\u00f3n entre el Ministerio del Poder Popular para la Educaci\u00f3n, el Ministerio del Poder Popular para Obras P\u00fablicas, las distintas alcald\u00edas de la entidad arag\u00fce\u00f1a, la Misi\u00f3n Barrio Nuevo Barrio Tricolor, para remodelar y reestructurar la mayor cantidad de planteles educativos\u00bb, puntualiz\u00f3 Medina.<\/span><\/p>\n","protected":false},"excerpt":{"rendered":"<p>** La recuperaci\u00f3n de las mesas sillas garantiza espacios de calidad pra la educaci\u00f3n<\/p>\n","protected":false},"author":4,"featured_media":40270,"comment_status":"closed","ping_status":"closed","sticky":false,"template":"","format":"standard","meta":{"footnotes":""},"categories":[2],"tags":[],"class_list":["post-40269","post","type-post","status-publish","format-standard","has-post-thumbnail","hentry","category-blog"],"_links":{"self":[{"href":"https:\/\/inces.gob.ve\/index.php\/wp-json\/wp\/v2\/posts\/40269","targetHints":{"allow":["GET"]}}],"collection":[{"href":"https:\/\/inces.gob.ve\/index.php\/wp-json\/wp\/v2\/posts"}],"about":[{"href":"https:\/\/inces.gob.ve\/index.php\/wp-json\/wp\/v2\/types\/post"}],"author":[{"embeddable":true,"href":"https:\/\/inces.gob.ve\/index.php\/wp-json\/wp\/v2\/users\/4"}],"replies":[{"embeddable":true,"href":"https:\/\/inces.gob.ve\/index.php\/wp-json\/wp\/v2\/comments?post=40269"}],"version-history":[{"count":1,"href":"https:\/\/inces.gob.ve\/index.php\/wp-json\/wp\/v2\/posts\/40269\/revisions"}],"predecessor-version":[{"id":40271,"href":"https:\/\/inces.gob.ve\/index.php\/wp-json\/wp\/v2\/posts\/40269\/revisions\/40271"}],"wp:featuredmedia":[{"embeddable":true,"href":"https:\/\/inces.gob.ve\/index.php\/wp-json\/wp\/v2\/media\/40270"}],"wp:attachment":[{"href":"https:\/\/inces.gob.ve\/index.php\/wp-json\/wp\/v2\/media?parent=40269"}],"wp:term":[{"taxonomy":"category","embeddable":true,"href":"https:\/\/inces.gob.ve\/index.php\/wp-json\/wp\/v2\/categories?post=40269"},{"taxonomy":"post_tag","embeddable":true,"href":"https:\/\/inces.gob.ve\/index.php\/wp-json\/wp\/v2\/tags?post=40269"}],"curies":[{"name":"wp","href":"https:\/\/api.w.org\/{rel}","templated":true}]}}