{"id":40329,"date":"2021-10-11T11:35:57","date_gmt":"2021-10-11T15:35:57","guid":{"rendered":"https:\/\/inces.gob.ve\/?p=40329"},"modified":"2021-10-11T11:35:57","modified_gmt":"2021-10-11T15:35:57","slug":"apure-inces-apure-y-ministra-de-educacion-participaron-en-la-mega-jornada-de-atencion-integral-para-los-maestros","status":"publish","type":"post","link":"https:\/\/inces.gob.ve\/index.php\/2021\/10\/11\/apure-inces-apure-y-ministra-de-educacion-participaron-en-la-mega-jornada-de-atencion-integral-para-los-maestros\/","title":{"rendered":"Apure | Inces Apure y ministra de Educaci\u00f3n participaron en la mega jornada de atenci\u00f3n integral para los maestros"},"content":{"rendered":"<p style=\"text-align: justify;\"><em><strong><span style=\"font-size: 14pt;\">** La concentraci\u00f3n se desarroll\u00f3 en el polideportivo de San Fernando<\/span><\/strong><\/em><!--more--><\/p>\n<p>&nbsp;<\/p>\n<p><span style=\"font-size: 14pt;\"><strong>NILZA GONZ\u00c1LEZ<\/strong><\/span><\/p>\n<p style=\"text-align: justify;\"><span style=\"font-size: 14pt;\">Esta jornada con el lema \u00abAmor para mis maestros, h\u00e9roes de la pandemia, fue orientada por la Zona Educativa Apure y cont\u00f3 con la participaci\u00f3n de toda la rama educativa de la regi\u00f3n.<\/span><\/p>\n<p>&nbsp;<\/p>\n<p style=\"text-align: justify;\"><span style=\"font-size: 14pt;\">En la misma estuvo presente la ministra de Educaci\u00f3n Yelitze Santaella realizando la entrega de sillas de ruedas, muletas, andaderas y equipos para la recuperar escuelas como pinturas, bombillo, brochas entre otros.<\/span><\/p>\n<p>&nbsp;<\/p>\n<p><img loading=\"lazy\" decoding=\"async\" class=\"size-large wp-image-40331 aligncenter\" src=\"https:\/\/inces.gob.ve\/wp-content\/uploads\/2021\/10\/WhatsApp-Image-2021-10-09-at-10.12.36-1-1024x768.jpeg\" alt=\"\" width=\"640\" height=\"480\" srcset=\"https:\/\/inces.gob.ve\/wp-content\/uploads\/2021\/10\/WhatsApp-Image-2021-10-09-at-10.12.36-1-1024x768.jpeg 1024w, https:\/\/inces.gob.ve\/wp-content\/uploads\/2021\/10\/WhatsApp-Image-2021-10-09-at-10.12.36-1-300x225.jpeg 300w, https:\/\/inces.gob.ve\/wp-content\/uploads\/2021\/10\/WhatsApp-Image-2021-10-09-at-10.12.36-1-768x576.jpeg 768w, https:\/\/inces.gob.ve\/wp-content\/uploads\/2021\/10\/WhatsApp-Image-2021-10-09-at-10.12.36-1-136x102.jpeg 136w, https:\/\/inces.gob.ve\/wp-content\/uploads\/2021\/10\/WhatsApp-Image-2021-10-09-at-10.12.36-1.jpeg 1040w\" sizes=\"auto, (max-width: 640px) 100vw, 640px\" \/><\/p>\n<p>&nbsp;<\/p>\n<p style=\"text-align: justify;\"><span style=\"font-size: 14pt;\">Respecto a la activdiad, el gerente regional del Inces, Daviel Rodr\u00edguez, indic\u00f3: \u00abLos trabajos que se vienen realizando y el apoyo que se est\u00e1 proporcionando desde los diferentes espacios Inces de todo el pa\u00eds, se hacen bajo directrices del presidente de la insticui\u00f3n y actual viceministro de Comunidades Educativas y Uni\u00f3n co el Pueblo, Wuikelman Angel Paredes\u00bb.<\/span><\/p>\n<p>&nbsp;<\/p>\n<p style=\"text-align: justify;\"><span style=\"font-size: 14pt;\">Finalmente el sector de educaci\u00f3n recibi\u00f3 lineamientos por parte de la ministra Santaella para este regreso a clases 2021-2022<\/span><\/p>\n","protected":false},"excerpt":{"rendered":"<p>** La concentraci\u00f3n se desarroll\u00f3 en el polideportivo de San Fernando<\/p>\n","protected":false},"author":4,"featured_media":40330,"comment_status":"closed","ping_status":"closed","sticky":false,"template":"","format":"standard","meta":{"footnotes":""},"categories":[2],"tags":[],"class_list":["post-40329","post","type-post","status-publish","format-standard","has-post-thumbnail","hentry","category-blog"],"_links":{"self":[{"href":"https:\/\/inces.gob.ve\/index.php\/wp-json\/wp\/v2\/posts\/40329","targetHints":{"allow":["GET"]}}],"collection":[{"href":"https:\/\/inces.gob.ve\/index.php\/wp-json\/wp\/v2\/posts"}],"about":[{"href":"https:\/\/inces.gob.ve\/index.php\/wp-json\/wp\/v2\/types\/post"}],"author":[{"embeddable":true,"href":"https:\/\/inces.gob.ve\/index.php\/wp-json\/wp\/v2\/users\/4"}],"replies":[{"embeddable":true,"href":"https:\/\/inces.gob.ve\/index.php\/wp-json\/wp\/v2\/comments?post=40329"}],"version-history":[{"count":1,"href":"https:\/\/inces.gob.ve\/index.php\/wp-json\/wp\/v2\/posts\/40329\/revisions"}],"predecessor-version":[{"id":40332,"href":"https:\/\/inces.gob.ve\/index.php\/wp-json\/wp\/v2\/posts\/40329\/revisions\/40332"}],"wp:featuredmedia":[{"embeddable":true,"href":"https:\/\/inces.gob.ve\/index.php\/wp-json\/wp\/v2\/media\/40330"}],"wp:attachment":[{"href":"https:\/\/inces.gob.ve\/index.php\/wp-json\/wp\/v2\/media?parent=40329"}],"wp:term":[{"taxonomy":"category","embeddable":true,"href":"https:\/\/inces.gob.ve\/index.php\/wp-json\/wp\/v2\/categories?post=40329"},{"taxonomy":"post_tag","embeddable":true,"href":"https:\/\/inces.gob.ve\/index.php\/wp-json\/wp\/v2\/tags?post=40329"}],"curies":[{"name":"wp","href":"https:\/\/api.w.org\/{rel}","templated":true}]}}