{"id":40333,"date":"2021-10-13T10:05:24","date_gmt":"2021-10-13T14:05:24","guid":{"rendered":"https:\/\/inces.gob.ve\/?p=40333"},"modified":"2021-10-13T10:05:24","modified_gmt":"2021-10-13T14:05:24","slug":"trujillo-inces-y-sapnnaet-establecen-alianza-insterinstitucional","status":"publish","type":"post","link":"https:\/\/inces.gob.ve\/index.php\/2021\/10\/13\/trujillo-inces-y-sapnnaet-establecen-alianza-insterinstitucional\/","title":{"rendered":"TRUJILLO | Inces y sapnnaet establecen Alianza insterinstitucional"},"content":{"rendered":"<p align=\"justify\"><span style=\"font-size: 14pt;\"><span style=\"color: #000000;\"><span style=\"font-family: Calibri, Helvetica, sans-serif;\"><i><b>** Ambos organismos acordaron la atenci\u00f3n de 14 j\u00f3venes para la prosecuci\u00f3n de estudios secundarios a trav\u00e9s de la Unidad Educativa del Inces Trujillo<\/b><\/i><\/span><\/span><!--more--><\/span><\/p>\n<p align=\"justify\">\n<p align=\"justify\"><span style=\"color: #000000; font-size: 14pt;\"><span style=\"font-family: Calibri, Helvetica, sans-serif;\"><b>MAR\u00cdA CABRERA<\/b><\/span><\/span><\/p>\n<p align=\"justify\"><span style=\"font-size: 14pt;\"><span style=\"color: #000000;\"><span style=\"font-family: Calibri, Helvetica, sans-serif;\">Una alianza entre el Instituto Nacional de Capacitaci\u00f3n <\/span><\/span><span style=\"color: #000000;\"><span style=\"font-family: Calibri, Helvetica, sans-serif;\">y <\/span><\/span><span style=\"color: #000000;\"><span style=\"font-family: Calibri, Helvetica, sans-serif;\">Educaci\u00f3n Socialista <\/span><\/span><span style=\"color: #000000;\"><span style=\"font-family: Calibri, Helvetica, sans-serif;\">regional <\/span><\/span><span style=\"color: #000000;\"><span style=\"font-family: Calibri, Helvetica, sans-serif;\">y <\/span><\/span><span style=\"color: #000000;\"><span style=\"font-family: Calibri, Helvetica, sans-serif;\">el <\/span><\/span><span style=\"color: #000000;\"><span style=\"font-family: Calibri, Helvetica, sans-serif;\">Servicio Administrativo de Protecci\u00f3n del Ni\u00f1o y Ni\u00f1a de<\/span><\/span><span style=\"color: #000000;\"><span style=\"font-family: Calibri, Helvetica, sans-serif;\">l Estado Trujillo (Sapnnet)<\/span><\/span><span style=\"color: #000000;\"><span style=\"font-family: Calibri, Helvetica, sans-serif;\"> se <\/span><\/span><span style=\"color: #000000;\"><span style=\"font-family: Calibri, Helvetica, sans-serif;\">concret\u00f3 <\/span><\/span><span style=\"color: #000000;\"><span style=\"font-family: Calibri, Helvetica, sans-serif;\">para la atenci\u00f3n de 14 j\u00f3venes a quienes se les prestara el servicio para la consecuci\u00f3n de sus estudios secundarios, <\/span><\/span><span style=\"color: #000000;\"><span style=\"font-family: Calibri, Helvetica, sans-serif;\">seg\u00fan lo acordado <\/span><\/span><span style=\"color: #000000;\"><span style=\"font-family: Calibri, Helvetica, sans-serif;\">entre las m\u00e1ximas autoridades de ambos organismos.<\/span><\/span><\/span><\/p>\n<p align=\"justify\">\n<p align=\"justify\"><span style=\"color: #000000; font-size: 14pt;\"><span style=\"font-family: Calibri, Helvetica, sans-serif;\">La informaci\u00f3n la recogimos de parte de Sudney Brice\u00f1o, coordinadora de Formaci\u00f3n, Capacitaci\u00f3n y Adiestramiento del Sapnnet, quien nos refiere que los ocho varones y seis hembras que integran -por ahora- la matr\u00edcula recibir\u00e1n el apoyo de la Unidad Educativa del Inces a quienes se le ofrecer\u00e1n los servicios estudiantiles de acuerdo a la planificaci\u00f3n que tienen el Inces Trujillo.<\/span><\/span><\/p>\n<p align=\"justify\">\n<p align=\"justify\"><span style=\"color: #000000; font-size: 14pt;\"><span style=\"font-family: Calibri, Helvetica, sans-serif;\">Mar\u00eda Ang\u00e9lica Mor\u00f3n, gerente regional del Inces y Ana Mar\u00eda Fuenmayor, directora del Sapnnaet-Trujillo se encargaron de hacer esta alianza en la cual estos 14 j\u00f3venes que est\u00e1n bajo el r\u00e9gimen de abrigo socio educativo ser\u00e1n beneficiados, en vista de haber cumplido con la condici\u00f3n interna que la ley del Ni\u00f1o, Ni\u00f1a y Adolescentes establece.<\/span><\/span><\/p>\n<p align=\"justify\">\n<p align=\"justify\"><span style=\"color: #000000; font-size: 14pt;\"><span style=\"font-family: Calibri, Helvetica, sans-serif;\">Sudney Brice\u00f1o, quien vino a las instalaciones del Centro de Formaci\u00f3n Socialista \u201cBarbarita de La Torre\u201d a formalizar la inscripci\u00f3n de los adolescentes, explic\u00f3 que esta \u201calianza interinstitucional cumplir\u00e1 con cada uno de los procesos pautados y reglamentados por la ley venezolana, de forma tal que cada uno de los j\u00f3venes, bajo medida disciplinaria y privados de libertad, tengan su situaci\u00f3n en regla.<\/span><\/span><\/p>\n<p align=\"justify\">\n<p align=\"justify\"><span style=\"color: #000000; font-size: 14pt;\"><span style=\"font-family: Calibri, Helvetica, sans-serif;\">Para nosotros es satisfactorio que este tipo de acuerdos interinstitucionales se desarrollen en beneficio de personas que tengan esta condici\u00f3n, pues se les ense\u00f1a que, en medio de todo, hay la oportunidad de cambiar y enderezar el camino, dijo la funcionaria del Sapnnaet.<\/span><\/span><\/p>\n","protected":false},"excerpt":{"rendered":"<p>** Ambos organismos acordaron la atenci\u00f3n de 14 j\u00f3venes para la prosecuci\u00f3n de estudios secundarios a trav\u00e9s de la Unidad Educativa del Inces Trujillo<\/p>\n","protected":false},"author":4,"featured_media":40334,"comment_status":"closed","ping_status":"closed","sticky":false,"template":"","format":"standard","meta":{"footnotes":""},"categories":[2],"tags":[],"class_list":["post-40333","post","type-post","status-publish","format-standard","has-post-thumbnail","hentry","category-blog"],"_links":{"self":[{"href":"https:\/\/inces.gob.ve\/index.php\/wp-json\/wp\/v2\/posts\/40333","targetHints":{"allow":["GET"]}}],"collection":[{"href":"https:\/\/inces.gob.ve\/index.php\/wp-json\/wp\/v2\/posts"}],"about":[{"href":"https:\/\/inces.gob.ve\/index.php\/wp-json\/wp\/v2\/types\/post"}],"author":[{"embeddable":true,"href":"https:\/\/inces.gob.ve\/index.php\/wp-json\/wp\/v2\/users\/4"}],"replies":[{"embeddable":true,"href":"https:\/\/inces.gob.ve\/index.php\/wp-json\/wp\/v2\/comments?post=40333"}],"version-history":[{"count":1,"href":"https:\/\/inces.gob.ve\/index.php\/wp-json\/wp\/v2\/posts\/40333\/revisions"}],"predecessor-version":[{"id":40335,"href":"https:\/\/inces.gob.ve\/index.php\/wp-json\/wp\/v2\/posts\/40333\/revisions\/40335"}],"wp:featuredmedia":[{"embeddable":true,"href":"https:\/\/inces.gob.ve\/index.php\/wp-json\/wp\/v2\/media\/40334"}],"wp:attachment":[{"href":"https:\/\/inces.gob.ve\/index.php\/wp-json\/wp\/v2\/media?parent=40333"}],"wp:term":[{"taxonomy":"category","embeddable":true,"href":"https:\/\/inces.gob.ve\/index.php\/wp-json\/wp\/v2\/categories?post=40333"},{"taxonomy":"post_tag","embeddable":true,"href":"https:\/\/inces.gob.ve\/index.php\/wp-json\/wp\/v2\/tags?post=40333"}],"curies":[{"name":"wp","href":"https:\/\/api.w.org\/{rel}","templated":true}]}}