{"id":40390,"date":"2021-10-18T09:59:51","date_gmt":"2021-10-18T13:59:51","guid":{"rendered":"https:\/\/inces.gob.ve\/?p=40390"},"modified":"2021-10-18T09:59:51","modified_gmt":"2021-10-18T13:59:51","slug":"trujillo-taller-de-planificacion-fue-realizado-por-personal-de-la-unidad-educativa","status":"publish","type":"post","link":"https:\/\/inces.gob.ve\/index.php\/2021\/10\/18\/trujillo-taller-de-planificacion-fue-realizado-por-personal-de-la-unidad-educativa\/","title":{"rendered":"TRUJILLO | Taller de Planificaci\u00f3n fue realizado por personal de la Unidad Educativa"},"content":{"rendered":"<p style=\"text-align: justify;\"><span style=\"font-size: 14pt;\"><b><i>** En el c\u00f3nclave con los maestros del Inces se entregaron dos gu\u00edas: Orientaci\u00f3n Pedag\u00f3gica Cultural y la Gu\u00eda Pedag\u00f3gica de Temas Generadores y referentes Te\u00f3ricos y Pr\u00e1cticos<\/i><\/b><\/span><!--more--><\/p>\n<p>&nbsp;<\/p>\n<p style=\"text-align: justify;\"><span style=\"font-size: 14pt;\"><b>MAR\u00cdA CABRERA<\/b><\/span><\/p>\n<p style=\"text-align: justify;\"><span style=\"font-size: 14pt;\">Una reuni\u00f3n extraordinaria con el personal facilitador de la Unidad Educativa del Inces-Trujillo se efectu\u00f3 en las instalaciones del Centro de Formaci\u00f3n Socialista \u201cBarbarita de La Torre\u201d, lugar donde funciona este plantel que en la actualidad prepara los detalle para el inicio del nuevo periodo escolar 2021-2022 seg\u00fan el Ministerio del Poder Popular para la Educaci\u00f3n.<\/span><\/p>\n<p>&nbsp;<\/p>\n<p style=\"text-align: justify;\"><span style=\"font-size: 14pt;\">Solimar Morillo, coordinadora de la Unidad Educativa del Inces-Trujillo encabez\u00f3 la convocatoria en la cual orient\u00f3, en funci\u00f3n de algunas normas de bioseguridad y de contenido program\u00e1tico, que en esta oportunidad para la modalidad de j\u00f3venes y adultos mayores se presentan algunas caracter\u00edsticas.<\/span><\/p>\n<p>&nbsp;<\/p>\n<p style=\"text-align: justify;\"><span style=\"font-size: 14pt;\">La reuni\u00f3n que se extendi\u00f3 hasta casi entrada la tarde, dej\u00f3 claro las particularidades en esta ocasi\u00f3n, en la cual, la cuota de vacunados contra el covid-19, en lo que respecta al Inces-Trujillo, est\u00e1 pr\u00e1cticamente est\u00e1 cubierta.<\/span><\/p>\n<p>&nbsp;<\/p>\n<p style=\"text-align: justify;\"><span style=\"font-size: 14pt;\">Morillo explic\u00f3 que el encuentro fue con la intenci\u00f3n de ofrecer informaci\u00f3n sobre algunos detalles en cuanto al Taller de Planificaci\u00f3n y Evaluaci\u00f3n para estas modalidades, \u201cespecialmente para las nuevas adquisiciones de maestros que entrar\u00e1n a laborar en la Unidad Educativa Inces-Trujillo\u201d.<\/span><\/p>\n<p>&nbsp;<\/p>\n<p style=\"text-align: justify;\"><span style=\"font-size: 14pt;\">\u201cLa reuni\u00f3n fue fruct\u00edfera dado que se entreg\u00f3 la Gu\u00eda de Orientaciones Pedag\u00f3gica Culturales e Interculturales para el Aprecio y Valoraci\u00f3n de nuestro Acervo Cultural y Patrimonial y la Gu\u00eda de Pedag\u00f3gica de Temas Generadores, Referentes Te\u00f3ricos y Pr\u00e1cticos a Desarrollar en la Educaci\u00f3n de Media de esta modalidad, dijo la coordinadora de la Unidad Educativa\u201d.<\/span><\/p>\n","protected":false},"excerpt":{"rendered":"<p>** En el c\u00f3nclave con los maestros del Inces se entregaron dos gu\u00edas: Orientaci\u00f3n Pedag\u00f3gica Cultural y la Gu\u00eda Pedag\u00f3gica de Temas Generadores y referentes Te\u00f3ricos y Pr\u00e1cticos<\/p>\n","protected":false},"author":4,"featured_media":40391,"comment_status":"closed","ping_status":"closed","sticky":false,"template":"","format":"standard","meta":{"footnotes":""},"categories":[2],"tags":[],"class_list":["post-40390","post","type-post","status-publish","format-standard","has-post-thumbnail","hentry","category-blog"],"_links":{"self":[{"href":"https:\/\/inces.gob.ve\/index.php\/wp-json\/wp\/v2\/posts\/40390","targetHints":{"allow":["GET"]}}],"collection":[{"href":"https:\/\/inces.gob.ve\/index.php\/wp-json\/wp\/v2\/posts"}],"about":[{"href":"https:\/\/inces.gob.ve\/index.php\/wp-json\/wp\/v2\/types\/post"}],"author":[{"embeddable":true,"href":"https:\/\/inces.gob.ve\/index.php\/wp-json\/wp\/v2\/users\/4"}],"replies":[{"embeddable":true,"href":"https:\/\/inces.gob.ve\/index.php\/wp-json\/wp\/v2\/comments?post=40390"}],"version-history":[{"count":1,"href":"https:\/\/inces.gob.ve\/index.php\/wp-json\/wp\/v2\/posts\/40390\/revisions"}],"predecessor-version":[{"id":40392,"href":"https:\/\/inces.gob.ve\/index.php\/wp-json\/wp\/v2\/posts\/40390\/revisions\/40392"}],"wp:featuredmedia":[{"embeddable":true,"href":"https:\/\/inces.gob.ve\/index.php\/wp-json\/wp\/v2\/media\/40391"}],"wp:attachment":[{"href":"https:\/\/inces.gob.ve\/index.php\/wp-json\/wp\/v2\/media?parent=40390"}],"wp:term":[{"taxonomy":"category","embeddable":true,"href":"https:\/\/inces.gob.ve\/index.php\/wp-json\/wp\/v2\/categories?post=40390"},{"taxonomy":"post_tag","embeddable":true,"href":"https:\/\/inces.gob.ve\/index.php\/wp-json\/wp\/v2\/tags?post=40390"}],"curies":[{"name":"wp","href":"https:\/\/api.w.org\/{rel}","templated":true}]}}