{"id":40396,"date":"2021-10-18T10:03:09","date_gmt":"2021-10-18T14:03:09","guid":{"rendered":"https:\/\/inces.gob.ve\/?p=40396"},"modified":"2021-10-18T10:03:09","modified_gmt":"2021-10-18T14:03:09","slug":"merida-coral-del-inces-participo-en-la-vi-bienal-nacional-de-musica-coral","status":"publish","type":"post","link":"https:\/\/inces.gob.ve\/index.php\/2021\/10\/18\/merida-coral-del-inces-participo-en-la-vi-bienal-nacional-de-musica-coral\/","title":{"rendered":"M\u00c9RIDA\u00a0|\u00a0Coral del Inces particip\u00f3 en la VI Bienal Nacional de M\u00fasica Coral"},"content":{"rendered":"<p style=\"font-weight: 400; text-align: justify;\"><span style=\"font-size: 14pt;\"><em>**\u00a0<\/em><em>Durante los tres d\u00edas de gala se lograron m\u00e1s de <\/em>700 visitas. Tambi\u00e9n\u00a0<em>pueden seguir disfrutando de la excelente participaci\u00f3n\u00a0<\/em><em>de manera virtual, a trav\u00e9s del canal en Youtube: Coral Inces-M\u00e9rida<\/em><\/span><!--more--><\/p>\n<p style=\"font-weight: 400; text-align: justify;\"><span style=\"font-size: 14pt;\"><em>\u00a0<\/em><\/span><\/p>\n<p style=\"font-weight: 400; text-align: justify;\"><span style=\"font-size: 14pt;\"><strong>NADIA LOBO<\/strong><\/span><\/p>\n<p style=\"font-weight: 400; text-align: justify;\"><span style=\"font-size: 14pt;\">El gerente regional del Inces- M\u00e9rida, Geldrit Roca, felicit\u00f3 la excelente participaci\u00f3n de la Coral de la instituci\u00f3n en la \u201cVI Bienal Nacional de M\u00fasica Coral, Fabio Enrique Martos Rivas\u201d que se desarroll\u00f3 de manera virtual los primeros d\u00edas del mes de octubre del presente a\u00f1o, con las actuaciones de otras agrupaciones, coralistas, y cantores de diferentes partes del pa\u00eds.<\/span><\/p>\n<p style=\"font-weight: 400; text-align: justify;\">\n<p style=\"font-weight: 400; text-align: justify;\"><span style=\"font-size: 14pt;\">De igual manera resalt\u00f3 la intervenci\u00f3n de la Coral del Inces M\u00e9rida, en actividades desarrollas en diferentes escenarios, donde ha demostrado que est\u00e1 comprometida con exaltar la cultura, la identidad local, nacional y Latinoamericana y seguir promocionando movimientos culturales que permita\u00a0\u00a0impulsar con entusiasmo la formaci\u00f3n y producci\u00f3n art\u00edstica.<\/span><\/p>\n<p style=\"font-weight: 400; text-align: justify;\">\n<p style=\"font-weight: 400; text-align: justify;\"><span style=\"font-size: 14pt;\">Por su parte, el maestro y director de la Coral del Inces-M\u00e9rida, Roldan Fern\u00e1ndez, destac\u00f3 que para este evento, organizado por el Ateneo de Ejido, los cantores participaron con el bolero \u201cCuando Vuelva a T\u00fa Lado\u201d, composici\u00f3n de Mar\u00eda Grever y los arreglos vocales de Carlos Belfort.<\/span><\/p>\n<p>&nbsp;<\/p>\n<p style=\"font-weight: 400; text-align: justify;\"><span style=\"font-size: 14pt;\">De igual manera explic\u00f3, que la Coral del Inces-M\u00e9rida, particip\u00f3 de manera consecuente en la VI Bienal Nacional que se desarroll\u00f3 de manera virtual, a trav\u00e9s del canal en Youtube: Coral Inces-M\u00e9rida, donde pueden disfrutar y deleitarse de las mejores voces, cantos, sonetos y versos de artistas nacionales.<\/span><\/p>\n<p style=\"font-weight: 400; text-align: justify;\">\n<p style=\"font-weight: 400; text-align: justify;\"><span style=\"font-size: 14pt;\">Indic\u00f3 igualmente que el evento se desarroll\u00f3 durante los d\u00edas 2, 3 y 4 de octubres, logrando conquistar m\u00e1s de 700 visitas durante los 3 d\u00edas de gala, d\u00f3nde los espectadores dejaron mensajes de reconocimientos, congratulaciones y admiraci\u00f3n, pues a pesar de la pandemia, se mantienen los eventos de manera virtual. De igual manera enviaron mensajes de motivando a los coralistas a continuar impulsando la did\u00e1ctica cultural.<\/span><\/p>\n<p style=\"font-weight: 400; text-align: justify;\">\n<p style=\"font-weight: 400; text-align: justify;\"><span style=\"font-size: 14pt;\">Finalmente el maestro Fern\u00e1ndez envi\u00f3 un mensaje de reconocimiento a las agrupaciones y coralistas que participaron en la VI Bienal: Coro Sinf\u00f3nico de M\u00e9rida, Ensamble Escuela Santa Cecilia, Coral Ateneo de Ejido,\u00a0\u00a0Orfe\u00f3n de la UPTM \u201cKleber Ram\u00edrez\u201d, Orfe\u00f3n UNIMET (Caracas), Da Capo Grupo Vocal (Caracas), Orfe\u00f3n de la ULA, Coro Voces Polif\u00f3nica \u201cArmon\u00edas Claras\u201d (Caracas), Coral Trabajadores de la ULA, Coral Virtual Venezuela (T\u00e1chira), Cantor\u00eda de M\u00e9rida, Coral Cl\u00ednica El \u00c1vila (Caracas) y la Coral del Inces-M\u00e9rida.<\/span><\/p>\n","protected":false},"excerpt":{"rendered":"<p>**\u00a0Durante los tres d\u00edas de gala se lograron m\u00e1s de 700 visitas. Tambi\u00e9n\u00a0pueden seguir disfrutando de la excelente participaci\u00f3n\u00a0de manera virtual, a trav\u00e9s del canal en Youtube: Coral Inces-M\u00e9rida<\/p>\n","protected":false},"author":4,"featured_media":40397,"comment_status":"closed","ping_status":"closed","sticky":false,"template":"","format":"standard","meta":{"footnotes":""},"categories":[2],"tags":[],"class_list":["post-40396","post","type-post","status-publish","format-standard","has-post-thumbnail","hentry","category-blog"],"_links":{"self":[{"href":"https:\/\/inces.gob.ve\/index.php\/wp-json\/wp\/v2\/posts\/40396","targetHints":{"allow":["GET"]}}],"collection":[{"href":"https:\/\/inces.gob.ve\/index.php\/wp-json\/wp\/v2\/posts"}],"about":[{"href":"https:\/\/inces.gob.ve\/index.php\/wp-json\/wp\/v2\/types\/post"}],"author":[{"embeddable":true,"href":"https:\/\/inces.gob.ve\/index.php\/wp-json\/wp\/v2\/users\/4"}],"replies":[{"embeddable":true,"href":"https:\/\/inces.gob.ve\/index.php\/wp-json\/wp\/v2\/comments?post=40396"}],"version-history":[{"count":1,"href":"https:\/\/inces.gob.ve\/index.php\/wp-json\/wp\/v2\/posts\/40396\/revisions"}],"predecessor-version":[{"id":40398,"href":"https:\/\/inces.gob.ve\/index.php\/wp-json\/wp\/v2\/posts\/40396\/revisions\/40398"}],"wp:featuredmedia":[{"embeddable":true,"href":"https:\/\/inces.gob.ve\/index.php\/wp-json\/wp\/v2\/media\/40397"}],"wp:attachment":[{"href":"https:\/\/inces.gob.ve\/index.php\/wp-json\/wp\/v2\/media?parent=40396"}],"wp:term":[{"taxonomy":"category","embeddable":true,"href":"https:\/\/inces.gob.ve\/index.php\/wp-json\/wp\/v2\/categories?post=40396"},{"taxonomy":"post_tag","embeddable":true,"href":"https:\/\/inces.gob.ve\/index.php\/wp-json\/wp\/v2\/tags?post=40396"}],"curies":[{"name":"wp","href":"https:\/\/api.w.org\/{rel}","templated":true}]}}