{"id":40437,"date":"2021-10-22T13:10:26","date_gmt":"2021-10-22T17:10:26","guid":{"rendered":"https:\/\/inces.gob.ve\/?p=40437"},"modified":"2021-10-22T13:10:26","modified_gmt":"2021-10-22T17:10:26","slug":"bomberos-de-caracas-miranda-marinos-ucv-y-usm-acreditaron-sus-saberes-en-el-inces","status":"publish","type":"post","link":"https:\/\/inces.gob.ve\/index.php\/2021\/10\/22\/bomberos-de-caracas-miranda-marinos-ucv-y-usm-acreditaron-sus-saberes-en-el-inces\/","title":{"rendered":"Bomberos de Caracas, Miranda, Marinos, UCV y USM acreditaron sus saberes en el Inces"},"content":{"rendered":"\r\n<p style=\"text-align: justify;\"><em><strong><span style=\"font-size: 14pt;\">** Para obtener el certificado avalado por el Inces los interesados deben demostrar pericia y conocimiento en su \u00e1rea laboral<\/span><\/strong><\/em><!--more--><\/p>\r\n<p style=\"text-align: justify;\"><\/p>\r\n<p style=\"text-align: justify;\"><span style=\"font-size: 14pt;\">Un total de 86 funcionarios de los cuerpos de bomberos de Caracas, Miranda, Marinos, Universidad Central de Venezuela y Universidad Santa Mar\u00eda aplicaron para ser evaluados y posteriormente acreditar sus saberes por experiencia, en la formaci\u00f3n denominada \u00abServicio de Atenci\u00f3n Integral en Emergencias Bomberiles\u201d.<\/span><\/p>\r\n<p style=\"text-align: justify;\"><\/p>\r\n<img loading=\"lazy\" decoding=\"async\" class=\"size-large wp-image-40441 aligncenter\" src=\"https:\/\/inces.gob.ve\/wp-content\/uploads\/2021\/10\/WhatsApp-Image-2021-10-20-at-16.06.08-1024x473.jpeg\" alt=\"\" width=\"640\" height=\"296\" srcset=\"https:\/\/inces.gob.ve\/wp-content\/uploads\/2021\/10\/WhatsApp-Image-2021-10-20-at-16.06.08-1024x473.jpeg 1024w, https:\/\/inces.gob.ve\/wp-content\/uploads\/2021\/10\/WhatsApp-Image-2021-10-20-at-16.06.08-300x138.jpeg 300w, https:\/\/inces.gob.ve\/wp-content\/uploads\/2021\/10\/WhatsApp-Image-2021-10-20-at-16.06.08-768x354.jpeg 768w, https:\/\/inces.gob.ve\/wp-content\/uploads\/2021\/10\/WhatsApp-Image-2021-10-20-at-16.06.08.jpeg 1040w\" sizes=\"auto, (max-width: 640px) 100vw, 640px\" \/>\r\n\r\n&nbsp;\r\n<p style=\"text-align: justify;\"><span style=\"font-size: 14pt;\">Fueron responsables por parte del Inces la oficina de Servicios de Seguridad y Salud en el Trabajo, la Gerencia General de Formaci\u00f3n Profesional, la Gerencia Regional de Distrito Capital y el centro de formaci\u00f3n socialista \u00abLuis Beltr\u00e1n Prieto Figueroa.<\/span><\/p>\r\n<p style=\"text-align: justify;\"><\/p>\r\n<p style=\"text-align: justify;\"><span style=\"font-size: 14pt;\">Durante la jornada fueron caracterizados los participantes, informaron su tiempo de servicio, y tuvieron que demostrar sus conocimientos, habilidades y destrezas en:\u00a0<\/span><\/p>\r\n<p style=\"text-align: justify;\"><\/p>\r\n<img loading=\"lazy\" decoding=\"async\" class=\"size-large wp-image-40438 aligncenter\" src=\"https:\/\/inces.gob.ve\/wp-content\/uploads\/2021\/10\/WhatsApp-Image-2021-10-20-at-16.03.42-1024x768.jpeg\" alt=\"\" width=\"640\" height=\"480\" srcset=\"https:\/\/inces.gob.ve\/wp-content\/uploads\/2021\/10\/WhatsApp-Image-2021-10-20-at-16.03.42-1024x768.jpeg 1024w, https:\/\/inces.gob.ve\/wp-content\/uploads\/2021\/10\/WhatsApp-Image-2021-10-20-at-16.03.42-300x225.jpeg 300w, https:\/\/inces.gob.ve\/wp-content\/uploads\/2021\/10\/WhatsApp-Image-2021-10-20-at-16.03.42-768x576.jpeg 768w, https:\/\/inces.gob.ve\/wp-content\/uploads\/2021\/10\/WhatsApp-Image-2021-10-20-at-16.03.42-136x102.jpeg 136w, https:\/\/inces.gob.ve\/wp-content\/uploads\/2021\/10\/WhatsApp-Image-2021-10-20-at-16.03.42.jpeg 1040w\" sizes=\"auto, (max-width: 640px) 100vw, 640px\" \/>\r\n<ol style=\"text-align: justify;\">\r\n \t<li><span style=\"font-size: 14pt;\">Introducci\u00f3n general al servicio bomberil,<\/span><\/li>\r\n \t<li><span style=\"font-size: 14pt;\">Uso de equipos e implementos de protecci\u00f3n Personal,<\/span><\/li>\r\n \t<li><span style=\"font-size: 14pt;\">Emergencias prehospitalaria,<\/span><\/li>\r\n \t<li><span style=\"font-size: 14pt;\">Extinci\u00f3n de incendios,<\/span><\/li>\r\n \t<li><span style=\"font-size: 14pt;\">Rescate de v\u00edctimas y bienes,<\/span><\/li>\r\n \t<li><span style=\"font-size: 14pt;\">Control de fugas y derrame de sustancias t\u00f3xicas y peligrosas.<\/span><\/li>\r\n<\/ol>\r\n<p style=\"text-align: justify;\"><span style=\"font-size: 14pt;\">\u00a0<\/span><\/p>\r\n<p style=\"text-align: justify;\"><span style=\"font-size: 14pt;\">En este proceso de certificaci\u00f3n estuvieron presentes por el Inces: Antonio Fern\u00e1ndez, Carlos Urbina, Josman Herrera, Franklin Rodr\u00edguez, Juan Correa, Carmen Trejo y Kerly Ruiz.<\/span><\/p>\r\n&nbsp;\r\n\r\n<img loading=\"lazy\" decoding=\"async\" class=\"size-large wp-image-40439 aligncenter\" src=\"https:\/\/inces.gob.ve\/wp-content\/uploads\/2021\/10\/WhatsApp-Image-2021-10-20-at-16.05.02-1024x471.jpeg\" alt=\"\" width=\"640\" height=\"294\" srcset=\"https:\/\/inces.gob.ve\/wp-content\/uploads\/2021\/10\/WhatsApp-Image-2021-10-20-at-16.05.02-1024x471.jpeg 1024w, https:\/\/inces.gob.ve\/wp-content\/uploads\/2021\/10\/WhatsApp-Image-2021-10-20-at-16.05.02-300x138.jpeg 300w, https:\/\/inces.gob.ve\/wp-content\/uploads\/2021\/10\/WhatsApp-Image-2021-10-20-at-16.05.02-768x353.jpeg 768w, https:\/\/inces.gob.ve\/wp-content\/uploads\/2021\/10\/WhatsApp-Image-2021-10-20-at-16.05.02.jpeg 1080w\" sizes=\"auto, (max-width: 640px) 100vw, 640px\" \/>\r\n<p style=\"text-align: justify;\"><\/p>\r\n<p style=\"text-align: justify;\"><span style=\"font-size: 14pt;\"><img loading=\"lazy\" decoding=\"async\" class=\"aligncenter wp-image-19667 size-large\" src=\"http:\/\/intranet.inces.gob.ve\/wp-content\/uploads\/2021\/10\/WhatsApp-Image-2021-10-20-at-16.05.02-1024x471.jpeg\" alt=\"\" width=\"800\" height=\"368\" \/><\/span><\/p>\r\n<p style=\"text-align: justify;\"><span style=\"font-size: 14pt;\"> <\/span><\/p>","protected":false},"excerpt":{"rendered":"<p>** Para obtener el certificado avalado por el Inces los interesados deben demostrar pericia y conocimiento en su \u00e1rea laboral<\/p>\n","protected":false},"author":4,"featured_media":40440,"comment_status":"closed","ping_status":"closed","sticky":false,"template":"","format":"standard","meta":{"footnotes":""},"categories":[2],"tags":[],"class_list":["post-40437","post","type-post","status-publish","format-standard","has-post-thumbnail","hentry","category-blog"],"_links":{"self":[{"href":"https:\/\/inces.gob.ve\/index.php\/wp-json\/wp\/v2\/posts\/40437","targetHints":{"allow":["GET"]}}],"collection":[{"href":"https:\/\/inces.gob.ve\/index.php\/wp-json\/wp\/v2\/posts"}],"about":[{"href":"https:\/\/inces.gob.ve\/index.php\/wp-json\/wp\/v2\/types\/post"}],"author":[{"embeddable":true,"href":"https:\/\/inces.gob.ve\/index.php\/wp-json\/wp\/v2\/users\/4"}],"replies":[{"embeddable":true,"href":"https:\/\/inces.gob.ve\/index.php\/wp-json\/wp\/v2\/comments?post=40437"}],"version-history":[{"count":1,"href":"https:\/\/inces.gob.ve\/index.php\/wp-json\/wp\/v2\/posts\/40437\/revisions"}],"predecessor-version":[{"id":40442,"href":"https:\/\/inces.gob.ve\/index.php\/wp-json\/wp\/v2\/posts\/40437\/revisions\/40442"}],"wp:featuredmedia":[{"embeddable":true,"href":"https:\/\/inces.gob.ve\/index.php\/wp-json\/wp\/v2\/media\/40440"}],"wp:attachment":[{"href":"https:\/\/inces.gob.ve\/index.php\/wp-json\/wp\/v2\/media?parent=40437"}],"wp:term":[{"taxonomy":"category","embeddable":true,"href":"https:\/\/inces.gob.ve\/index.php\/wp-json\/wp\/v2\/categories?post=40437"},{"taxonomy":"post_tag","embeddable":true,"href":"https:\/\/inces.gob.ve\/index.php\/wp-json\/wp\/v2\/tags?post=40437"}],"curies":[{"name":"wp","href":"https:\/\/api.w.org\/{rel}","templated":true}]}}