{"id":40446,"date":"2021-10-24T08:59:00","date_gmt":"2021-10-24T12:59:00","guid":{"rendered":"https:\/\/inces.gob.ve\/?p=40446"},"modified":"2021-10-25T09:01:24","modified_gmt":"2021-10-25T13:01:24","slug":"inces-participo-en-la-conferencia-internacional-enlighted2021","status":"publish","type":"post","link":"https:\/\/inces.gob.ve\/index.php\/2021\/10\/24\/inces-participo-en-la-conferencia-internacional-enlighted2021\/","title":{"rendered":"Inces particip\u00f3 en la conferencia internacional enlightED2021"},"content":{"rendered":"<p style=\"text-align: justify;\"><em><strong><span style=\"font-size: 14pt;\">** El presidente de la casa formativa reflexion\u00f3 acerca de la importancia de capacitar a la juventud para el mundo del trabajo productivo<\/span><\/strong><\/em><!--more--><\/p>\n<p style=\"text-align: justify;\">\n<p><strong><span style=\"font-size: 14pt;\">PRENSA INCES<\/span><\/strong><\/p>\n<p style=\"text-align: justify;\"><span style=\"font-size: 14pt;\">El Instituto Nacional de Capacitaci\u00f3n y Educaci\u00f3n Socialista (Inces), representado por su presidente Wuikelman Angel, fue invitado para abrir el cap\u00edtulo Venezuela de la IV edici\u00f3n de la conferencia internacional enlaightED 2021; evento organizado por la Fundaci\u00f3n Telef\u00f3nica, IE University y South Summit.<\/span><\/p>\n<p style=\"text-align: justify;\">\n<p style=\"text-align: justify;\">\n<p style=\"text-align: justify;\"><span style=\"font-size: 14pt;\">Explic\u00f3 Ana Mar\u00eda Mancera, gerente general de Telef\u00f3nica Venezuela, que esta actividad busca promover un gran debate sobre la educaci\u00f3n en la era digital, bajo un novedoso formato h\u00edbrido, donde se reflexione sobre las brechas educativas que se han presentados en este a\u00f1o y medio de confinamiento. \u201cLa pandemia mostr\u00f3 que es necesaria la educaci\u00f3n digital y que es una metodolog\u00eda que lleg\u00f3 para quedarse\u201d, asegur\u00f3.<\/span><\/p>\n<p style=\"text-align: justify;\">\n<p style=\"text-align: justify;\"><span style=\"font-size: 14pt;\">La informaci\u00f3n fue socializada en el programa de radio Somos Inces, transmitido todos los jueves a las 10:00 a.m. por Radio Miraflores, espacio donde Mancera insisti\u00f3 en que enlighted quiere llevar a la audiencia a un estado de reflexi\u00f3n, donde los panelistas y expertos comparten sus opiniones respecto al reto de reducir la brecha de innovaci\u00f3n y estudiar como se est\u00e1 llevando la educaci\u00f3n a ni\u00f1os y j\u00f3venes que no cuentan con al menos una herramientas digital; c\u00f3mo resolver que los ni\u00f1os y profesores adquieran competencias digitales y c\u00f3mo afrontar esa falta de competencia.<\/span><\/p>\n<p style=\"text-align: justify;\">\n<p style=\"text-align: justify;\"><span style=\"font-size: 14pt;\">Respecto a la participaci\u00f3n de Venezuela, espec\u00edfico la gerente de Telef\u00f3nica que se cont\u00f3 con una entrevista realizada al viceministro de Comunidades Educativas y Uni\u00f3n con el Pueblo, Wuikelman Angel, la cual forma parte de la programaci\u00f3n regional, y donde se pueden escuchar las recomendaciones de Angel sobre la formaci\u00f3n de la fuerza laboral de los j\u00f3venes venezolanos ante las nuevas demandas que implica el mundo laboral en Venezuela<\/span><\/p>\n<p style=\"text-align: justify;\">\n<p style=\"text-align: justify;\"><span style=\"font-size: 14pt;\">\u201cHay una programaci\u00f3n global que se maneja desde Telef\u00f3nica Espa\u00f1a, que es la programaci\u00f3n principal, pero adicional a ella, todos los pa\u00edses de Hispanoam\u00e9rica d\u00f3nde est\u00e1 presente Telef\u00f3nica Movistar cuentan con una programaci\u00f3n especial, con especialistas y expertos de cada uno de esos pa\u00edses. En el caso de Venezuela la programaci\u00f3n logr\u00f3 reunir a un grupo de expertos en materia de formaci\u00f3n, educaci\u00f3n, emprendimiento e innovaci\u00f3n, con temas de inter\u00e9s mundial que tienen que ver con la programaci\u00f3n global pero que se adaptan al contexto local\u201d.<\/span><\/p>\n<p style=\"text-align: justify;\">\n<p style=\"text-align: justify;\"><span style=\"font-size: 14pt;\">Para culminar, Ana Mar\u00eda Manceras inform\u00f3 que todas las exposiciones est\u00e1n disponibles en la plataforma de enlighED para quienes quieran escucharlas.<\/span><\/p>\n","protected":false},"excerpt":{"rendered":"<p>** El presidente de la casa formativa reflexion\u00f3 acerca de la importancia de capacitar a la juventud para el mundo del trabajo productivo<\/p>\n","protected":false},"author":4,"featured_media":21750,"comment_status":"closed","ping_status":"closed","sticky":false,"template":"","format":"standard","meta":{"footnotes":""},"categories":[2],"tags":[],"class_list":["post-40446","post","type-post","status-publish","format-standard","has-post-thumbnail","hentry","category-blog"],"_links":{"self":[{"href":"https:\/\/inces.gob.ve\/index.php\/wp-json\/wp\/v2\/posts\/40446","targetHints":{"allow":["GET"]}}],"collection":[{"href":"https:\/\/inces.gob.ve\/index.php\/wp-json\/wp\/v2\/posts"}],"about":[{"href":"https:\/\/inces.gob.ve\/index.php\/wp-json\/wp\/v2\/types\/post"}],"author":[{"embeddable":true,"href":"https:\/\/inces.gob.ve\/index.php\/wp-json\/wp\/v2\/users\/4"}],"replies":[{"embeddable":true,"href":"https:\/\/inces.gob.ve\/index.php\/wp-json\/wp\/v2\/comments?post=40446"}],"version-history":[{"count":1,"href":"https:\/\/inces.gob.ve\/index.php\/wp-json\/wp\/v2\/posts\/40446\/revisions"}],"predecessor-version":[{"id":40447,"href":"https:\/\/inces.gob.ve\/index.php\/wp-json\/wp\/v2\/posts\/40446\/revisions\/40447"}],"wp:featuredmedia":[{"embeddable":true,"href":"https:\/\/inces.gob.ve\/index.php\/wp-json\/wp\/v2\/media\/21750"}],"wp:attachment":[{"href":"https:\/\/inces.gob.ve\/index.php\/wp-json\/wp\/v2\/media?parent=40446"}],"wp:term":[{"taxonomy":"category","embeddable":true,"href":"https:\/\/inces.gob.ve\/index.php\/wp-json\/wp\/v2\/categories?post=40446"},{"taxonomy":"post_tag","embeddable":true,"href":"https:\/\/inces.gob.ve\/index.php\/wp-json\/wp\/v2\/tags?post=40446"}],"curies":[{"name":"wp","href":"https:\/\/api.w.org\/{rel}","templated":true}]}}