{"id":40494,"date":"2021-10-28T11:25:25","date_gmt":"2021-10-28T15:25:25","guid":{"rendered":"https:\/\/inces.gob.ve\/?p=40494"},"modified":"2021-10-28T11:25:25","modified_gmt":"2021-10-28T15:25:25","slug":"merida-inces-certifica-a-madres-procesadoras-del-pae-en-el-municipio-alberto-adriani","status":"publish","type":"post","link":"https:\/\/inces.gob.ve\/index.php\/2021\/10\/28\/merida-inces-certifica-a-madres-procesadoras-del-pae-en-el-municipio-alberto-adriani\/","title":{"rendered":"M\u00c9RIDA | Inces certifica a Madres Procesadoras del PAE en el municipio Alberto Adriani"},"content":{"rendered":"<p style=\"text-align: justify;\"><span style=\"font-family: Arial, serif;\"><span style=\"font-size: medium;\"><i><strong>*** El encuentro e intercambio de \u201cSaberes y Sabores organizado por Fundaproal, permiti\u00f3 realizar el abordaje para la acreditaci\u00f3n de saberes<\/strong> <\/i><\/span><\/span><!--more--><\/p>\n<p style=\"text-align: justify;\">\n<p style=\"text-align: justify;\"><span style=\"font-family: Arial, serif;\"><span style=\"font-size: medium;\"><b>NADIA LOBO<\/b><\/span><\/span><\/p>\n<p style=\"text-align: justify;\"><span style=\"font-family: Arial, serif;\"><span style=\"font-size: medium;\"><b>L<\/b><\/span><\/span><span style=\"font-family: Arial, serif;\"><span style=\"font-size: medium;\">as <\/span><\/span><span style=\"font-family: Arial, serif;\"><span style=\"font-size: medium;\">madres<\/span><\/span><span style=\"font-family: Arial, serif;\"><span style=\"font-size: medium;\"> elaboradoras de alimentos, son aquellas <\/span><\/span><span style=\"font-family: Arial, serif;\"><span style=\"font-size: medium;\">madres<\/span><\/span><span style=\"font-family: Arial, serif;\"><span style=\"font-size: medium;\">, padres o representantes que tienen ni\u00f1os, ni\u00f1as y adolescentes cursando estudios en la instituci\u00f3n y prestan servicio en calidad de colaboradores en la preparaci\u00f3n de los alimentos del programa alimentario escolar (PAE).<\/span><\/span><\/p>\n<p>&nbsp;<\/p>\n<p style=\"text-align: justify;\"><span style=\"font-family: Arial, serif;\"><span style=\"font-size: medium;\">En <\/span><\/span><span style=\"font-family: Arial, serif;\"><span style=\"font-size: medium;\">e<\/span><\/span><span style=\"font-family: Arial, serif;\"><span style=\"font-size: medium;\">ste sentido, y en ocasi\u00f3n del encuentro e intercambio de Saberes y Sabores organizado por Fundaproal, el Inces, a trav\u00e9s del centro de formaci\u00f3n socialista (CFS) El Vig\u00eda desarroll\u00f3 la acreditaci\u00f3n y certificaci\u00f3n de 30 madres procesadoras que hacen vida en el Municipio Alberto Adriani.<\/span><\/span><\/p>\n<p>&nbsp;<\/p>\n<p style=\"text-align: justify;\"><span style=\"font-family: Arial, serif;\"><span style=\"font-size: medium;\">La actividad se desarroll\u00f3 en las instalaciones de Fundaproal de la ciudad de El Vig\u00eda y cont\u00f3 con la participaci\u00f3n de m\u00e1s de 20 casa de alimentaci\u00f3n, quienes mostraron sus experiencias culinarias, presentando una gran variedad de platos, tanto dulces como salados que cumplen con las exigencias de una sana y buena alimentaci\u00f3n.<\/span><\/span><\/p>\n<p>&nbsp;<\/p>\n<p style=\"text-align: justify;\"><span style=\"font-family: Arial, serif;\"><span style=\"font-size: medium;\">Es importante destacar, que el Inces a trav\u00e9s de la certificaci\u00f3n y acreditaci\u00f3n de conocimientos busca reconocer y valorar los saberes ancestrales, emp\u00edricos y acad\u00e9micos desarrollados durante la experiencia de los hombres y mujeres que vienen elaborando los alimentos de ni\u00f1os, ni\u00f1as y adolescentes en edad escolar.<\/span><\/span><\/p>\n","protected":false},"excerpt":{"rendered":"<p>*** El encuentro e intercambio de \u201cSaberes y Sabores organizado por Fundaproal, permiti\u00f3 realizar el abordaje para la acreditaci\u00f3n de saberes<\/p>\n","protected":false},"author":4,"featured_media":40495,"comment_status":"closed","ping_status":"closed","sticky":false,"template":"","format":"standard","meta":{"footnotes":""},"categories":[2],"tags":[],"class_list":["post-40494","post","type-post","status-publish","format-standard","has-post-thumbnail","hentry","category-blog"],"_links":{"self":[{"href":"https:\/\/inces.gob.ve\/index.php\/wp-json\/wp\/v2\/posts\/40494","targetHints":{"allow":["GET"]}}],"collection":[{"href":"https:\/\/inces.gob.ve\/index.php\/wp-json\/wp\/v2\/posts"}],"about":[{"href":"https:\/\/inces.gob.ve\/index.php\/wp-json\/wp\/v2\/types\/post"}],"author":[{"embeddable":true,"href":"https:\/\/inces.gob.ve\/index.php\/wp-json\/wp\/v2\/users\/4"}],"replies":[{"embeddable":true,"href":"https:\/\/inces.gob.ve\/index.php\/wp-json\/wp\/v2\/comments?post=40494"}],"version-history":[{"count":1,"href":"https:\/\/inces.gob.ve\/index.php\/wp-json\/wp\/v2\/posts\/40494\/revisions"}],"predecessor-version":[{"id":40496,"href":"https:\/\/inces.gob.ve\/index.php\/wp-json\/wp\/v2\/posts\/40494\/revisions\/40496"}],"wp:featuredmedia":[{"embeddable":true,"href":"https:\/\/inces.gob.ve\/index.php\/wp-json\/wp\/v2\/media\/40495"}],"wp:attachment":[{"href":"https:\/\/inces.gob.ve\/index.php\/wp-json\/wp\/v2\/media?parent=40494"}],"wp:term":[{"taxonomy":"category","embeddable":true,"href":"https:\/\/inces.gob.ve\/index.php\/wp-json\/wp\/v2\/categories?post=40494"},{"taxonomy":"post_tag","embeddable":true,"href":"https:\/\/inces.gob.ve\/index.php\/wp-json\/wp\/v2\/tags?post=40494"}],"curies":[{"name":"wp","href":"https:\/\/api.w.org\/{rel}","templated":true}]}}