{"id":40515,"date":"2021-10-29T07:50:17","date_gmt":"2021-10-29T11:50:17","guid":{"rendered":"https:\/\/inces.gob.ve\/?p=40515"},"modified":"2021-10-29T07:50:17","modified_gmt":"2021-10-29T11:50:17","slug":"falcon-comunidad-de-santa-ana-se-formo-para-la-produccion","status":"publish","type":"post","link":"https:\/\/inces.gob.ve\/index.php\/2021\/10\/29\/falcon-comunidad-de-santa-ana-se-formo-para-la-produccion\/","title":{"rendered":"FALC\u00d3N | Comunidad de Santa Ana se form\u00f3 para la producci\u00f3n"},"content":{"rendered":"<p class=\"western\" style=\"text-align: justify;\" align=\"center\"><strong><span style=\"font-size: 14pt;\"><em><span style=\"font-family: Times New Roman, serif;\">***<\/span><\/em><span style=\"font-family: Times New Roman, serif;\"><em>El Inces lleg\u00f3 a este sector del municipio Carirubana con saberes provechosos que promueven el emprendimiento en hombres y mujeres que quieren comenzar a ser productiv<\/em>os<\/span><\/span><\/strong><!--more--><\/p>\n<p align=\"center\">\n<p class=\"western\" lang=\"es-ES\" style=\"text-align: justify;\" align=\"justify\"><span style=\"font-family: Times New Roman, serif; font-size: 14pt;\"><b>MIRIAM GONZ\u00c1LEZ VILLARROEL<br \/>\n<\/b><\/span><\/p>\n<p class=\"western\" style=\"text-align: justify;\" align=\"justify\"><span style=\"color: #000000; font-size: 14pt;\"><span style=\"font-family: Times New Roman, serif;\">Desde el centro de formaci\u00f3n socialista (CFS) industrial \u201cAli Primera\u201d del Inces en la Pen\u00ednsula de Paraguan\u00e1 se contin\u00faa atendiendo a las colectividades con procesos formativos que estimulen la productividad; en esta oportunidad, culmin\u00f3 con \u00e9xito la ocupaci\u00f3n productiva: Elaboraci\u00f3n de Tortas, que estuvo enfocado en formar a doce personas de la comunidad de Santa Ana y que se realiz\u00f3 bajo la fortaleza de los conocimientos de la maestra t\u00e9cnico productiva (MTP), Yajaira D\u00e1vila de Moreno.<\/span><\/span><\/p>\n<p align=\"justify\">\n<p class=\"western\" style=\"text-align: justify;\" align=\"justify\"><span style=\"color: #000000; font-size: 14pt;\"><span style=\"font-family: Times New Roman, serif;\">En esta instrucci\u00f3n pedag\u00f3gica de 186 horas de duraci\u00f3n se les dio respuesta a 11 mujeres y un hombre que manifestaron su inter\u00e9s de formarse para emprender fruct\u00edferamente; lo cual, qued\u00f3 evidenciado en la socializaci\u00f3n de saberes que presentaron durante el d\u00eda de ayer, donde se pudieron percibir distintos tipos de tortas, galletas, suspiros, brazos gitanos, ponquesitos y pasta seca, entre otros que se aprendieron a elaborar con las recetas y orientaciones de la maestra D\u00e1vila.<\/span><\/span><\/p>\n<p align=\"justify\">\n<p class=\"western\" style=\"text-align: justify;\" align=\"justify\"><span style=\"color: #000000; font-size: 14pt;\">\u201c<span style=\"font-family: Times New Roman, serif;\">Desde el CFS \u201cAl\u00ed Primera\u201d continuamos egresando participantes a los cuales se les est\u00e1 dando respuesta, fomentando el conocimiento e impulsando nuevos emprendimientos\u201d, precis\u00f3 Elis Colina, jefe del CFS \u201cAl\u00ed Primera\u201d.<\/span><\/span><\/p>\n<p class=\"western\" style=\"text-align: justify;\" align=\"justify\"><span style=\"font-family: Times New Roman, serif; font-size: 14pt;\">\u00a0<\/span><\/p>\n","protected":false},"excerpt":{"rendered":"<p>***El Inces lleg\u00f3 a este sector del municipio Carirubana con saberes provechosos que promueven el emprendimiento en hombres y mujeres que quieren comenzar a ser productivos<\/p>\n","protected":false},"author":4,"featured_media":40513,"comment_status":"closed","ping_status":"closed","sticky":false,"template":"","format":"standard","meta":{"footnotes":""},"categories":[2],"tags":[],"class_list":["post-40515","post","type-post","status-publish","format-standard","has-post-thumbnail","hentry","category-blog"],"_links":{"self":[{"href":"https:\/\/inces.gob.ve\/index.php\/wp-json\/wp\/v2\/posts\/40515","targetHints":{"allow":["GET"]}}],"collection":[{"href":"https:\/\/inces.gob.ve\/index.php\/wp-json\/wp\/v2\/posts"}],"about":[{"href":"https:\/\/inces.gob.ve\/index.php\/wp-json\/wp\/v2\/types\/post"}],"author":[{"embeddable":true,"href":"https:\/\/inces.gob.ve\/index.php\/wp-json\/wp\/v2\/users\/4"}],"replies":[{"embeddable":true,"href":"https:\/\/inces.gob.ve\/index.php\/wp-json\/wp\/v2\/comments?post=40515"}],"version-history":[{"count":1,"href":"https:\/\/inces.gob.ve\/index.php\/wp-json\/wp\/v2\/posts\/40515\/revisions"}],"predecessor-version":[{"id":40516,"href":"https:\/\/inces.gob.ve\/index.php\/wp-json\/wp\/v2\/posts\/40515\/revisions\/40516"}],"wp:featuredmedia":[{"embeddable":true,"href":"https:\/\/inces.gob.ve\/index.php\/wp-json\/wp\/v2\/media\/40513"}],"wp:attachment":[{"href":"https:\/\/inces.gob.ve\/index.php\/wp-json\/wp\/v2\/media?parent=40515"}],"wp:term":[{"taxonomy":"category","embeddable":true,"href":"https:\/\/inces.gob.ve\/index.php\/wp-json\/wp\/v2\/categories?post=40515"},{"taxonomy":"post_tag","embeddable":true,"href":"https:\/\/inces.gob.ve\/index.php\/wp-json\/wp\/v2\/tags?post=40515"}],"curies":[{"name":"wp","href":"https:\/\/api.w.org\/{rel}","templated":true}]}}