{"id":40532,"date":"2021-11-01T08:32:32","date_gmt":"2021-11-01T12:32:32","guid":{"rendered":"https:\/\/inces.gob.ve\/?p=40532"},"modified":"2021-11-01T08:32:32","modified_gmt":"2021-11-01T12:32:32","slug":"monagas-participantes-de-monagas-inician-cursos-con-el-regreso-a-clases","status":"publish","type":"post","link":"https:\/\/inces.gob.ve\/index.php\/2021\/11\/01\/monagas-participantes-de-monagas-inician-cursos-con-el-regreso-a-clases\/","title":{"rendered":"MONAGAS | Participantes de Monagas inician cursos con el regreso a clases"},"content":{"rendered":"<p style=\"text-align: justify;\"><span style=\"font-size: 14pt;\"><em>** Cumpliendo las medidas de bioseguridad plasmadas en los 10 v\u00e9rtices de la educaci\u00f3n<\/em><!--more--><\/span><\/p>\n<p style=\"text-align: justify;\"><span style=\"font-size: 14pt;\"><em>\u00a0<\/em><\/span><\/p>\n<p style=\"text-align: justify;\"><strong><span style=\"font-size: 14pt;\">MARI\u00c1NGEL HENR\u00cdQUEZ<\/span><\/strong><\/p>\n<p style=\"text-align: justify;\"><span style=\"font-size: 14pt;\">En el marco del retorno a las actividades educativas en el pa\u00eds, el Instituto Nacional de Capacitaci\u00f3n y Educaci\u00f3n Socialista (Inces) en Monagas recibi\u00f3 a un contingente de j\u00f3venes que iniciar\u00e1n cursos de manera presencial en las aulas y talleres de los Centros de Formaci\u00f3n Socialistas (CFS) \u201cIndustrial Matur\u00edn\u201d y \u201cSim\u00f3n Rodr\u00edguez.<\/span><\/p>\n<p style=\"text-align: justify;\">\n<p style=\"text-align: justify;\"><span style=\"font-size: 14pt;\">El personal de la instituci\u00f3n, encabezado por la gerente regional encargada, Jeanett Fari\u00f1as, dio la bienvenida a los participantes con un mensaje donde se les invit\u00f3 a cumplir con las medidas de bioseguridad y a aprovechar la metodolog\u00eda de formaci\u00f3n que brinda el Inces; como es el aprender haciendo.<\/span><\/p>\n<p style=\"text-align: justify;\">\n<p style=\"text-align: justify;\"><span style=\"font-size: 14pt;\">Destac\u00f3 adem\u00e1s que los cursos que dieron apertura son: Electr\u00f3nica, Mec\u00e1nica, Electricidad, Refrigeraci\u00f3n y Planificaci\u00f3n de Costos, algunos de estos ya se hab\u00edan iniciado en la modalidad a distancia.<\/span><\/p>\n<p style=\"text-align: justify;\">\n<p style=\"text-align: justify;\"><span style=\"font-size: 14pt;\">De esta manera el Inces se suma al inicio de clases que ser\u00e1 progresivo y seguro en los dem\u00e1s \u00e1mbitos de formaci\u00f3n; instalaciones militares, bases de misiones, instalaciones educativas, entre otras.<\/span><\/p>\n","protected":false},"excerpt":{"rendered":"<p>** Cumpliendo las medidas de bioseguridad plasmadas en los 10 v\u00e9rtices de la educaci\u00f3n<\/p>\n","protected":false},"author":4,"featured_media":40533,"comment_status":"closed","ping_status":"closed","sticky":false,"template":"","format":"standard","meta":{"footnotes":""},"categories":[2],"tags":[],"class_list":["post-40532","post","type-post","status-publish","format-standard","has-post-thumbnail","hentry","category-blog"],"_links":{"self":[{"href":"https:\/\/inces.gob.ve\/index.php\/wp-json\/wp\/v2\/posts\/40532","targetHints":{"allow":["GET"]}}],"collection":[{"href":"https:\/\/inces.gob.ve\/index.php\/wp-json\/wp\/v2\/posts"}],"about":[{"href":"https:\/\/inces.gob.ve\/index.php\/wp-json\/wp\/v2\/types\/post"}],"author":[{"embeddable":true,"href":"https:\/\/inces.gob.ve\/index.php\/wp-json\/wp\/v2\/users\/4"}],"replies":[{"embeddable":true,"href":"https:\/\/inces.gob.ve\/index.php\/wp-json\/wp\/v2\/comments?post=40532"}],"version-history":[{"count":1,"href":"https:\/\/inces.gob.ve\/index.php\/wp-json\/wp\/v2\/posts\/40532\/revisions"}],"predecessor-version":[{"id":40534,"href":"https:\/\/inces.gob.ve\/index.php\/wp-json\/wp\/v2\/posts\/40532\/revisions\/40534"}],"wp:featuredmedia":[{"embeddable":true,"href":"https:\/\/inces.gob.ve\/index.php\/wp-json\/wp\/v2\/media\/40533"}],"wp:attachment":[{"href":"https:\/\/inces.gob.ve\/index.php\/wp-json\/wp\/v2\/media?parent=40532"}],"wp:term":[{"taxonomy":"category","embeddable":true,"href":"https:\/\/inces.gob.ve\/index.php\/wp-json\/wp\/v2\/categories?post=40532"},{"taxonomy":"post_tag","embeddable":true,"href":"https:\/\/inces.gob.ve\/index.php\/wp-json\/wp\/v2\/tags?post=40532"}],"curies":[{"name":"wp","href":"https:\/\/api.w.org\/{rel}","templated":true}]}}