{"id":40553,"date":"2021-11-02T00:45:48","date_gmt":"2021-11-02T04:45:48","guid":{"rendered":"https:\/\/inces.gob.ve\/?p=40553"},"modified":"2021-11-01T21:52:12","modified_gmt":"2021-11-02T01:52:12","slug":"trujillo-inces-abre-formacion-asistente-administrativo","status":"publish","type":"post","link":"https:\/\/inces.gob.ve\/index.php\/2021\/11\/02\/trujillo-inces-abre-formacion-asistente-administrativo\/","title":{"rendered":"TRUJILLO | Inces abre formaci\u00f3n Asistente Administrativo"},"content":{"rendered":"<div id=\":2ml\" class=\"a3s aiL msg4327534186453683053\">\n<div class=\"adM\" style=\"text-align: justify;\"><span style=\"font-size: 14pt;\"><em><strong>** Veintid\u00f3s j\u00f3venes tienen hoy la oportunidad de emprender su formaci\u00f3n acad\u00e9mica y laboral en su primer empleo<\/strong><\/em><br \/>\n<\/span><\/div>\n<\/div>\n<p><!--more--><\/p>\n<div id=\":2ml\" class=\"a3s aiL msg4327534186453683053\">\n<div dir=\"ltr\">\n<p align=\"justify\"><strong>MAR\u00cdA CABRERA<\/strong><\/p>\n<div>\n<p align=\"justify\">El programa Nacional de Aprendizaje (PNA) del Inces Trujillo dio inicio a una formaci\u00f3n de Asistente Administrativo de Empresas a 22 participantes, bajo la modalidad de agrupaci\u00f3n de empresas, provenientes de varios puntos de la entidad trujillana, inform\u00f3 la coordinadora Evelin Segovia.<\/p>\n<p align=\"justify\">\n<p align=\"justify\">Dicha formaci\u00f3n se est\u00e1 desarrollando en las instalaciones del Centro de Formaci\u00f3n Barbarita de La Torre ubicado en las adyacencias del centro de Valera, donde los j\u00f3venes asistir\u00e1n por un lapso de casi un a\u00f1o escolar, donde ser\u00e1n objeto de una programaci\u00f3n completa propia de este plan de estudio del PNA.<\/p>\n<p align=\"justify\">\n<p align=\"justify\">En esta oportunidad, fueron captados por la experimentada Mar\u00eda Cuevas, maestro t\u00e9cnico productivo de larga data en el Inces-Trujillo, quien adem\u00e1s ha sido un pilar de constancia y trabajo en el programa donde varias generaciones se han formado dentro de Inces-Trujillo, adem\u00e1s de otros profesionales relevantes integrados a este plan de estudios.<\/p>\n<p align=\"justify\">\n<p align=\"justify\">Es de destacar que este curso es una de los m\u00e1s esperados, el cual tuvo una pausa corta por la pandemia, hecho que oblig\u00f3 a tomar unas medidas para garantizar el correcto y buen funcionamiento del programa.<\/p>\n<p align=\"justify\">\n<p align=\"justify\">Estos 22 j\u00f3venes, aprendices que el Inces conjuntamente con la entidad de trabajo les dan la oportunidad de emprender su formaci\u00f3n acad\u00e9mica y laboral, en su primer empleo joven, lo cual les permitir\u00e1 ganar la experiencia necesaria para ir recabando los conocimientos b\u00e1sicos para su campo de instrucci\u00f3n profesional, coment\u00f3 Evel\u00edn Segovia.<\/p>\n<\/div>\n<\/div>\n<\/div>\n<p><!--more--><\/p>\n","protected":false},"excerpt":{"rendered":"<p>** Veintid\u00f3s j\u00f3venes tienen hoy la oportunidad de emprender su formaci\u00f3n acad\u00e9mica y laboral en su primer empleo<\/p>\n","protected":false},"author":4,"featured_media":40554,"comment_status":"closed","ping_status":"closed","sticky":false,"template":"","format":"standard","meta":{"footnotes":""},"categories":[2],"tags":[],"class_list":["post-40553","post","type-post","status-publish","format-standard","has-post-thumbnail","hentry","category-blog"],"_links":{"self":[{"href":"https:\/\/inces.gob.ve\/index.php\/wp-json\/wp\/v2\/posts\/40553","targetHints":{"allow":["GET"]}}],"collection":[{"href":"https:\/\/inces.gob.ve\/index.php\/wp-json\/wp\/v2\/posts"}],"about":[{"href":"https:\/\/inces.gob.ve\/index.php\/wp-json\/wp\/v2\/types\/post"}],"author":[{"embeddable":true,"href":"https:\/\/inces.gob.ve\/index.php\/wp-json\/wp\/v2\/users\/4"}],"replies":[{"embeddable":true,"href":"https:\/\/inces.gob.ve\/index.php\/wp-json\/wp\/v2\/comments?post=40553"}],"version-history":[{"count":1,"href":"https:\/\/inces.gob.ve\/index.php\/wp-json\/wp\/v2\/posts\/40553\/revisions"}],"predecessor-version":[{"id":40555,"href":"https:\/\/inces.gob.ve\/index.php\/wp-json\/wp\/v2\/posts\/40553\/revisions\/40555"}],"wp:featuredmedia":[{"embeddable":true,"href":"https:\/\/inces.gob.ve\/index.php\/wp-json\/wp\/v2\/media\/40554"}],"wp:attachment":[{"href":"https:\/\/inces.gob.ve\/index.php\/wp-json\/wp\/v2\/media?parent=40553"}],"wp:term":[{"taxonomy":"category","embeddable":true,"href":"https:\/\/inces.gob.ve\/index.php\/wp-json\/wp\/v2\/categories?post=40553"},{"taxonomy":"post_tag","embeddable":true,"href":"https:\/\/inces.gob.ve\/index.php\/wp-json\/wp\/v2\/tags?post=40553"}],"curies":[{"name":"wp","href":"https:\/\/api.w.org\/{rel}","templated":true}]}}