{"id":40564,"date":"2021-11-03T00:10:27","date_gmt":"2021-11-03T04:10:27","guid":{"rendered":"https:\/\/inces.gob.ve\/?p=40564"},"modified":"2021-11-02T22:12:16","modified_gmt":"2021-11-03T02:12:16","slug":"falcon-inces-militar-desarrolla-curso-de-redaccion-de-informes-tecnicos","status":"publish","type":"post","link":"https:\/\/inces.gob.ve\/index.php\/2021\/11\/03\/falcon-inces-militar-desarrolla-curso-de-redaccion-de-informes-tecnicos\/","title":{"rendered":"FALC\u00d3N | Inces Militar desarrolla curso de Redacci\u00f3n de Informes T\u00e9cnicos"},"content":{"rendered":"<p style=\"text-align: justify;\" align=\"center\"><span style=\"font-size: 14pt;\"><strong><em>** Las formaciones que ofrece Inces Militar est\u00e1n destinadas tambi\u00e9n a personal civil<\/em><\/strong><!--more--><\/span><\/p>\n<p style=\"text-align: justify;\" align=\"center\">\n<p style=\"text-align: justify;\"><span style=\"font-size: 14pt;\"><b><span lang=\"ES\">MIRIAM GONZ\u00c1LEZ VILLARROEL<\/span><\/b><\/span><\/p>\n<p style=\"text-align: justify;\"><span style=\"font-size: 14pt;\">Bajo los lineamientos del Gerente General del Inces Militar, el CA. Luis Ren\u00e9 Agreda Dur\u00e1n, la Gerencia Regional en Falc\u00f3n desarrolla el curso de Redacci\u00f3n de Informes T\u00e9cnicos, continuando con las pol\u00edticas de formar al personal de los componentes militares en el estado Falc\u00f3n, concert\u00e1ndose un plan formativo que favorecer\u00e1 al personal militar y civil que tendr\u00e1 incidencias importantes en los niveles de desempe\u00f1o y competitividad de los participantes.<\/span><\/p>\n<p>&nbsp;<\/p>\n<p style=\"text-align: justify;\"><span style=\"font-size: 14pt;\">En esta oportunidad, las acciones se desarrollan en el Batall\u00f3n \u201cAtanasio Girardot\u201d, en la ciudad de Coro con el firme prop\u00f3sito de capacitar al personal militar a trav\u00e9s de las unidades acantonadas en este escuadr\u00f3n, con el curso: Redacci\u00f3n de Informes T\u00e9cnicos, dirigido a 19 alumnos, 16 hombres y tres mujeres del sexto N\u00facleo de Formaci\u00f3n de Tropas Profesionales, Promoci\u00f3n 68 a cargo del profesor Rafael Matute, acompa\u00f1ado del capit\u00e1n Franklin Chirino, jefe acad\u00e9mico del Inces Militar Falc\u00f3n.<\/span><\/p>\n<p style=\"text-align: justify;\">\n<p style=\"text-align: justify;\"><span style=\"font-size: 14pt;\">Comunic\u00f3 el profesor Matute, los aspirantes a Tropas Profesionales, con esta estrategia pedag\u00f3gica adquieren habilidades y destrezas a la hora de transmitir informaci\u00f3n, presentar conclusiones, ideas y recomendaciones a trav\u00e9s de un informe T\u00e9cnico con precisi\u00f3n y claridad; de igual forma, les brinda la oportunidad de aumentar la fluidez en su comunicaci\u00f3n; con el aporte de t\u00e9cnicas de redacci\u00f3n que faciliten la elaboraci\u00f3n de informes que van a ser sometidos a evaluaciones y an\u00e1lisis, con la finalidad que los directivos tomen decisiones adecuadas.<\/span><\/p>\n<p style=\"text-align: justify;\">\n<p style=\"text-align: justify;\"><span style=\"font-size: 14pt;\">Puntualiz\u00f3 el capit\u00e1n Franklin Chirino, el Inces Militar, contin\u00faa generando iniciativas educativas en pro de llevar bienestar integral, con la apertura de cursos de capacitaci\u00f3n que tenga incidencias importantes en los niveles de desempe\u00f1o y competitividad de los participantes.<\/span><\/p>\n","protected":false},"excerpt":{"rendered":"<p>** Las formaciones que ofrece Inces Militar est\u00e1n destinadas tambi\u00e9n a personal civil<\/p>\n","protected":false},"author":4,"featured_media":40536,"comment_status":"closed","ping_status":"closed","sticky":false,"template":"","format":"standard","meta":{"footnotes":""},"categories":[2],"tags":[],"class_list":["post-40564","post","type-post","status-publish","format-standard","has-post-thumbnail","hentry","category-blog"],"_links":{"self":[{"href":"https:\/\/inces.gob.ve\/index.php\/wp-json\/wp\/v2\/posts\/40564","targetHints":{"allow":["GET"]}}],"collection":[{"href":"https:\/\/inces.gob.ve\/index.php\/wp-json\/wp\/v2\/posts"}],"about":[{"href":"https:\/\/inces.gob.ve\/index.php\/wp-json\/wp\/v2\/types\/post"}],"author":[{"embeddable":true,"href":"https:\/\/inces.gob.ve\/index.php\/wp-json\/wp\/v2\/users\/4"}],"replies":[{"embeddable":true,"href":"https:\/\/inces.gob.ve\/index.php\/wp-json\/wp\/v2\/comments?post=40564"}],"version-history":[{"count":1,"href":"https:\/\/inces.gob.ve\/index.php\/wp-json\/wp\/v2\/posts\/40564\/revisions"}],"predecessor-version":[{"id":40565,"href":"https:\/\/inces.gob.ve\/index.php\/wp-json\/wp\/v2\/posts\/40564\/revisions\/40565"}],"wp:featuredmedia":[{"embeddable":true,"href":"https:\/\/inces.gob.ve\/index.php\/wp-json\/wp\/v2\/media\/40536"}],"wp:attachment":[{"href":"https:\/\/inces.gob.ve\/index.php\/wp-json\/wp\/v2\/media?parent=40564"}],"wp:term":[{"taxonomy":"category","embeddable":true,"href":"https:\/\/inces.gob.ve\/index.php\/wp-json\/wp\/v2\/categories?post=40564"},{"taxonomy":"post_tag","embeddable":true,"href":"https:\/\/inces.gob.ve\/index.php\/wp-json\/wp\/v2\/tags?post=40564"}],"curies":[{"name":"wp","href":"https:\/\/api.w.org\/{rel}","templated":true}]}}