{"id":40588,"date":"2021-11-08T11:02:08","date_gmt":"2021-11-08T15:02:08","guid":{"rendered":"https:\/\/inces.gob.ve\/?p=40588"},"modified":"2021-11-08T11:02:08","modified_gmt":"2021-11-08T15:02:08","slug":"trujillo-unidad-educativa-inces-reporta-masiva-asistencia","status":"publish","type":"post","link":"https:\/\/inces.gob.ve\/index.php\/2021\/11\/08\/trujillo-unidad-educativa-inces-reporta-masiva-asistencia\/","title":{"rendered":"TRUJILLO | Unidad Educativa Inces reporta masiva asistencia"},"content":{"rendered":"<p align=\"justify\"><em><strong><span style=\"font-size: 14pt;\">** La asistencia fue total en los municipios Sucre, Juan Vicente Campo El\u00edas y Valera donde no se report\u00f3 novedad<\/span><\/strong><\/em><!--more--><\/p>\n<p align=\"justify\">\n<p align=\"justify\"><strong><span style=\"font-size: 14pt;\">MAR\u00cdA CABRERA<\/span><\/strong><\/p>\n<p align=\"justify\"><span style=\"font-size: 14pt;\">La Unidad educativa del Inces-Trujillo inici\u00f3 cual acuerdo nacional las clases en sus distintos periodos escolares, en un arranque definitivo que incluyo cada uno de los espacios donde tienen su asiento en los municipios Sucre, Juan Vicente Campo El\u00edas, Bocon\u00f3 y Valera.<\/span><\/p>\n<p align=\"justify\">\n<p align=\"justify\"><span style=\"font-size: 14pt;\">Solimar Morillo, coordinadora de la Unidad B\u00e1sica del Inces-Trujillo se mostr\u00f3 satisfecha por el comienzo del nuevo a\u00f1o escolar, destacando que los participantes inscritos respondieron a las expectativas puestas, en esta oportunidad, pasando por todos los obst\u00e1culos.<\/span><\/p>\n<p align=\"justify\">\n<p align=\"justify\"><span style=\"font-size: 14pt;\">\u00abLas participantes en cada uno de los cuatro municipios mencionados respondieron al llamado que el gobierno nacional hizo a trav\u00e9s de las Zonas Educativas de los estados, cumpliendo as\u00ed con el derecho consagrado en la Constituci\u00f3n Nacional que, en el caso del Inces, siempre se ha garantizado\u00bb, dijo en tono serio Solimar Morillo.<\/span><\/p>\n<p align=\"justify\">\n<p align=\"justify\"><span style=\"font-size: 14pt;\">Si bien es cierto, hubo tropiezos los primeros d\u00edas, estos quedaron atr\u00e1s dado que no hubo quejas y s\u00ed mucha colaboraci\u00f3n de los padres y representantes quienes incluso acompa\u00f1aron a sus representados en el primer d\u00eda de clases,\u00a0 siendo grato ver la respuesta que estos daban ante su nueva experiencia escolar.<\/span><\/p>\n","protected":false},"excerpt":{"rendered":"<p>** La asistencia fue total en los municipios Sucre, Juan Vicente Campo El\u00edas y Valera donde no se report\u00f3 novedad<\/p>\n","protected":false},"author":4,"featured_media":40589,"comment_status":"closed","ping_status":"closed","sticky":false,"template":"","format":"standard","meta":{"footnotes":""},"categories":[2],"tags":[],"class_list":["post-40588","post","type-post","status-publish","format-standard","has-post-thumbnail","hentry","category-blog"],"_links":{"self":[{"href":"https:\/\/inces.gob.ve\/index.php\/wp-json\/wp\/v2\/posts\/40588","targetHints":{"allow":["GET"]}}],"collection":[{"href":"https:\/\/inces.gob.ve\/index.php\/wp-json\/wp\/v2\/posts"}],"about":[{"href":"https:\/\/inces.gob.ve\/index.php\/wp-json\/wp\/v2\/types\/post"}],"author":[{"embeddable":true,"href":"https:\/\/inces.gob.ve\/index.php\/wp-json\/wp\/v2\/users\/4"}],"replies":[{"embeddable":true,"href":"https:\/\/inces.gob.ve\/index.php\/wp-json\/wp\/v2\/comments?post=40588"}],"version-history":[{"count":1,"href":"https:\/\/inces.gob.ve\/index.php\/wp-json\/wp\/v2\/posts\/40588\/revisions"}],"predecessor-version":[{"id":40590,"href":"https:\/\/inces.gob.ve\/index.php\/wp-json\/wp\/v2\/posts\/40588\/revisions\/40590"}],"wp:featuredmedia":[{"embeddable":true,"href":"https:\/\/inces.gob.ve\/index.php\/wp-json\/wp\/v2\/media\/40589"}],"wp:attachment":[{"href":"https:\/\/inces.gob.ve\/index.php\/wp-json\/wp\/v2\/media?parent=40588"}],"wp:term":[{"taxonomy":"category","embeddable":true,"href":"https:\/\/inces.gob.ve\/index.php\/wp-json\/wp\/v2\/categories?post=40588"},{"taxonomy":"post_tag","embeddable":true,"href":"https:\/\/inces.gob.ve\/index.php\/wp-json\/wp\/v2\/tags?post=40588"}],"curies":[{"name":"wp","href":"https:\/\/api.w.org\/{rel}","templated":true}]}}