{"id":40601,"date":"2021-11-08T13:34:09","date_gmt":"2021-11-08T17:34:09","guid":{"rendered":"https:\/\/inces.gob.ve\/?p=40601"},"modified":"2021-11-08T13:34:09","modified_gmt":"2021-11-08T17:34:09","slug":"falcon-juramentada-1era-brippas-del-municipio-miranda","status":"publish","type":"post","link":"https:\/\/inces.gob.ve\/index.php\/2021\/11\/08\/falcon-juramentada-1era-brippas-del-municipio-miranda\/","title":{"rendered":"FALC\u00d3N | Juramentada 1era Brippas del municipio Miranda"},"content":{"rendered":"<h2 style=\"text-align: justify;\" align=\"center\"><em><span style=\"font-size: 14pt;\">***Son brigadas que han sido certificadas por el Inces y nacen con el firme prop\u00f3sito de empoderar y darle transferencia al poder popular \u00a0<\/span><\/em><\/h2>\n<p><!--more--><\/p>\n<p style=\"text-align: justify;\"><span style=\"font-size: 14pt;\"><u><\/u>\u00a0<u><\/u><\/span><\/p>\n<p style=\"text-align: justify;\"><span style=\"font-size: 14pt;\"><span lang=\"ES\"><strong>MIRIAM GONZ\u00c1LEZ VILLARROEL<\/strong> <\/span><\/span><\/p>\n<p><span style=\"font-size: 14pt;\">En las instalaciones de la Hidrol\u00f3gica Falconiana \u201cLos M\u00e9danos\u201d (Hidrofalc\u00f3n), se realiz\u00f3 el Acto de Juramentaci\u00f3n de la Primera Brigada del Poder Popular para las Aguas (Brippas) de la Parroquia Santa Ana del municipio Miranda del estado Falc\u00f3n, la cual tendr\u00e1 un radio de acci\u00f3n para atender a 23.736 personas y est\u00e1 integrada por un plomero de aguas potables, un plomero de aguas servidas, un electricista, un alba\u00f1il y dos ayudantes, oficios productivos, que fueron certificados por el Instituto Nacional de Capacitaci\u00f3n y Educaci\u00f3n Socialista (Inces).\u00a0<\/span><\/p>\n<p style=\"text-align: justify;\">\n<p><span style=\"font-size: 14pt;\">En la actividad que empodera al poder popular, estuvo presidida por el presidente de la Hidrol\u00f3gica, Andr\u00e9s Maldonado; quien, estuvo acompa\u00f1ado por la gerente regional del Inces Falc\u00f3n, Eneyda Mart\u00ednez Rodr\u00edguez; el vicepresidente de la hidrol\u00f3gica, Miguel Perozo y la directora de la Unidad Territorial para la Atenci\u00f3n de las Aguas (UTAA) y gerente de Hidrofalc\u00f3n, Evelin Loyo.<u><\/u>\u00a0<\/span><\/p>\n<p style=\"text-align: justify;\"><u><\/u><\/p>\n<p><span style=\"font-size: 14pt;\">En esta ocasi\u00f3n Mar\u00eda Valera, coordinadora de la Brippas Santa Ana, expres\u00f3 es la primera de cinco brigadas que se establecer\u00e1n en el municipio Miranda, \u00abestoy orgullosa y agradezco la oportunidad de trabajar por las comunidades seremos la mano colaboradora en el diagn\u00f3stico y correcci\u00f3n de aver\u00edas menores del sistema h\u00eddrico de la zona, y as\u00ed cumplir con la raz\u00f3n de ser de las Brippas\u201d.<u><\/u>\u00a0<\/span><\/p>\n<p style=\"text-align: justify;\"><u><\/u><\/p>\n<p><span style=\"font-size: 14pt;\">Por su parte Eneyda Mart\u00ednez Rodr\u00edguez, gerente del Inces Falc\u00f3n, precis\u00f3 que solo desde la unidad se puede avanzar y generar soluciones del pueblo y para el pueblo; resalt\u00f3, desde el Inces se tiene la capacidad operativa instalada para afianzar la alianza con la Hidrol\u00f3gica y poder avanzar logrando resultados positivos que mostrar y dignificando la labor de las personas, \u201cson ustedes la primera Brippas y tienen el compromiso de ser modelo y ejemplo para las dem\u00e1s\u201d.<u><\/u>\u00a0<\/span><\/p>\n<p style=\"text-align: justify;\"><u><\/u><\/p>\n<p><span style=\"font-size: 14pt;\">Andr\u00e9s Maldonado, autoridad \u00fanica regional en el \u00e1rea de agua potable y saneamiento expres\u00f3 se est\u00e1 cumpliendo con el primer v\u00e9rtice que contempla la gobernabilidad del agua del plan nacional h\u00eddrico, tal y como lo ha instruido el ministro de Atenci\u00f3n de las Aguas, G\/D Rodolfo Marco Torres.<u><\/u>\u00a0<\/span><\/p>\n<p style=\"text-align: justify;\"><u><\/u><\/p>\n<p><span style=\"font-size: 14pt;\">Resalt\u00f3, el trabajo que ha venido realizando el Inces, gerenciado por Eneyda Mart\u00ednez; instituci\u00f3n, \u00a0que est\u00e1 trabajando por el pueblo; igualmente reconoci\u00f3, la labor de los maestros t\u00e9cnicos productivos, voluntarios y de la coordinaci\u00f3n de Encadenamiento Productivo en funci\u00f3n del reconocimiento y afianzamiento de los saberes de las personas que integran las brigadas, \u201clas brigadas vienen del pueblo, sin agua no hay producci\u00f3n y el desarrollo de un territorio se fundamenta en los servicios p\u00fablicos y hay que seguir empoderando al pueblo transfiri\u00e9ndole poder\u201d.<u><\/u>\u00a0<\/span><\/p>\n","protected":false},"excerpt":{"rendered":"<p>***Son brigadas que han sido certificadas por el Inces y nacen con el firme prop\u00f3sito de empoderar y darle transferencia al poder popular \u00a0<\/p>\n","protected":false},"author":4,"featured_media":40602,"comment_status":"closed","ping_status":"closed","sticky":false,"template":"","format":"standard","meta":{"footnotes":""},"categories":[2],"tags":[],"class_list":["post-40601","post","type-post","status-publish","format-standard","has-post-thumbnail","hentry","category-blog"],"_links":{"self":[{"href":"https:\/\/inces.gob.ve\/index.php\/wp-json\/wp\/v2\/posts\/40601","targetHints":{"allow":["GET"]}}],"collection":[{"href":"https:\/\/inces.gob.ve\/index.php\/wp-json\/wp\/v2\/posts"}],"about":[{"href":"https:\/\/inces.gob.ve\/index.php\/wp-json\/wp\/v2\/types\/post"}],"author":[{"embeddable":true,"href":"https:\/\/inces.gob.ve\/index.php\/wp-json\/wp\/v2\/users\/4"}],"replies":[{"embeddable":true,"href":"https:\/\/inces.gob.ve\/index.php\/wp-json\/wp\/v2\/comments?post=40601"}],"version-history":[{"count":1,"href":"https:\/\/inces.gob.ve\/index.php\/wp-json\/wp\/v2\/posts\/40601\/revisions"}],"predecessor-version":[{"id":40603,"href":"https:\/\/inces.gob.ve\/index.php\/wp-json\/wp\/v2\/posts\/40601\/revisions\/40603"}],"wp:featuredmedia":[{"embeddable":true,"href":"https:\/\/inces.gob.ve\/index.php\/wp-json\/wp\/v2\/media\/40602"}],"wp:attachment":[{"href":"https:\/\/inces.gob.ve\/index.php\/wp-json\/wp\/v2\/media?parent=40601"}],"wp:term":[{"taxonomy":"category","embeddable":true,"href":"https:\/\/inces.gob.ve\/index.php\/wp-json\/wp\/v2\/categories?post=40601"},{"taxonomy":"post_tag","embeddable":true,"href":"https:\/\/inces.gob.ve\/index.php\/wp-json\/wp\/v2\/tags?post=40601"}],"curies":[{"name":"wp","href":"https:\/\/api.w.org\/{rel}","templated":true}]}}