{"id":40638,"date":"2021-11-12T09:27:45","date_gmt":"2021-11-12T13:27:45","guid":{"rendered":"https:\/\/inces.gob.ve\/?p=40638"},"modified":"2021-11-12T09:27:21","modified_gmt":"2021-11-12T13:27:21","slug":"el-inces-se-proyecta-a-escala-internacional-con-su-bachillerato-productivo-capitulo-ecuador","status":"publish","type":"post","link":"https:\/\/inces.gob.ve\/index.php\/2021\/11\/12\/el-inces-se-proyecta-a-escala-internacional-con-su-bachillerato-productivo-capitulo-ecuador\/","title":{"rendered":"El Inces se proyecta a escala internacional con su bachillerato productivo cap\u00edtulo Ecuador"},"content":{"rendered":"<p style=\"text-align: justify;\"><em><strong><span style=\"font-size: 14pt;\">** Con el apoyo de la vicecanciller\u00eda para Am\u00e9rica Latina, la casa formativa da un primer paso para tener presencia no solo en el continente sino en el mundo entero<\/span><\/strong><\/em><!--more--><\/p>\n<p>&nbsp;<\/p>\n<p style=\"text-align: justify;\"><span style=\"font-size: 14pt;\"><b>LONGINA TOVAR<\/b><\/span><\/p>\n<p style=\"text-align: justify;\" align=\"justify\"><span style=\"font-size: 14pt;\"><span style=\"font-family: Times New Roman, serif;\">Este jueves el <\/span><span style=\"font-family: Times New Roman, serif;\">Instituto Nacional de Capacitaci\u00f3n y Educaci\u00f3n Socialista (Inces) <\/span><span style=\"font-family: Times New Roman, serif;\">formaliz\u00f3, junto al consulado de Venezuela en Ecuador, la iniciativa de ofrecer estudio<\/span><span style=\"font-family: Times New Roman, serif;\">s<\/span> <span style=\"font-family: Times New Roman, serif;\">formales<\/span><span style=\"font-family: Times New Roman, serif;\"> a los connacionales <\/span><span style=\"font-family: Times New Roman, serif;\">interesados en obtener <\/span><span style=\"font-family: Times New Roman, serif;\">su <\/span><span style=\"font-family: Times New Roman, serif;\">t\u00edtulo <\/span><span style=\"font-family: Times New Roman, serif;\">de bachiller<\/span><span style=\"font-family: Times New Roman, serif;\">, av<\/span><span style=\"font-family: Times New Roman, serif;\">a<\/span><span style=\"font-family: Times New Roman, serif;\">lado por el <\/span><span style=\"font-family: Times New Roman, serif;\">M<\/span><span style=\"font-family: Times New Roman, serif;\">inisterio del <\/span><span style=\"font-family: Times New Roman, serif;\">P<\/span><span style=\"font-family: Times New Roman, serif;\">oder <\/span><span style=\"font-family: Times New Roman, serif;\">P<\/span><span style=\"font-family: Times New Roman, serif;\">opular para la Educaci\u00f3n, <\/span><span style=\"font-family: Times New Roman, serif;\">y con el agregado de lograr la certificaci\u00f3n de saberes en <\/span><span style=\"font-family: Times New Roman, serif;\">\u00e1reas<\/span><span style=\"font-family: Times New Roman, serif;\"> productivas <\/span><span style=\"font-family: Times New Roman, serif;\">que, con licencia internacional, otorga el Inces<\/span><span style=\"font-family: Times New Roman, serif;\">.<\/span><\/span><\/p>\n<p align=\"justify\">\n<p style=\"text-align: justify;\" align=\"justify\"><span style=\"font-size: 14pt;\"><span style=\"font-family: Times New Roman, serif;\">El vicecanciller para Am\u00e9rica Latina, Rander Pe\u00f1a, explic\u00f3 que esta iniciativa del Inces y el cuerpo diplom\u00e1tico <\/span><span style=\"font-family: Times New Roman, serif;\">venezolano en<\/span><span style=\"font-family: Times New Roman, serif;\"> Ecuador forma parte de las pol\u00edticas orientadas por <\/span><span style=\"font-family: Times New Roman, serif;\">parte del presidente Nicol\u00e1s Maduro, quien ha pedido de manera insistente brindar atenci\u00f3n integral a los connacionales que se encuentran fuera de las fronteras venezolanas. <\/span><span style=\"font-family: Times New Roman, serif;\">\u00abDonde se encuentre un venezolano, una venezolana, all\u00ed estar\u00e1 el Gobierno Bolivariano\u00bb, sentenci\u00f3 <\/span><span style=\"font-family: Times New Roman, serif;\">en su oportunidad el mandatario<\/span><span style=\"font-family: Times New Roman, serif;\">.<\/span><\/span><\/p>\n<p align=\"justify\"><img loading=\"lazy\" decoding=\"async\" class=\"size-large wp-image-40641 aligncenter\" src=\"https:\/\/inces.gob.ve\/wp-content\/uploads\/2021\/11\/WhatsApp-Image-2021-11-11-at-13.32.31-1024x472.jpeg\" alt=\"\" width=\"640\" height=\"295\" srcset=\"https:\/\/inces.gob.ve\/wp-content\/uploads\/2021\/11\/WhatsApp-Image-2021-11-11-at-13.32.31-1024x472.jpeg 1024w, https:\/\/inces.gob.ve\/wp-content\/uploads\/2021\/11\/WhatsApp-Image-2021-11-11-at-13.32.31-300x138.jpeg 300w, https:\/\/inces.gob.ve\/wp-content\/uploads\/2021\/11\/WhatsApp-Image-2021-11-11-at-13.32.31-768x354.jpeg 768w, https:\/\/inces.gob.ve\/wp-content\/uploads\/2021\/11\/WhatsApp-Image-2021-11-11-at-13.32.31.jpeg 1080w\" sizes=\"auto, (max-width: 640px) 100vw, 640px\" \/><\/p>\n<p style=\"text-align: justify;\" align=\"justify\"><span style=\"font-size: 14pt;\"><span style=\"font-family: Times New Roman, serif;\">La g\u00e9nesis de implementar este programa de car\u00e1cter internacional <\/span><span style=\"font-family: Times New Roman, serif;\">surgi\u00f3<\/span><span style=\"font-family: Times New Roman, serif;\"> del Club de J\u00f3venes y Educaci\u00f3n Mi Patria Venezuela, iniciativa del consulado de Venezuela <\/span><span style=\"font-family: Times New Roman, serif;\">en Quito<\/span><span style=\"font-family: Times New Roman, serif;\"> que permitir\u00e1 a los venezolanos que hacen vida en Ecuador culminar sus estudios a distancia y obtener el t\u00edtulo de bachiller productivo, as\u00ed como la certificaci\u00f3n de conocimientos t\u00e9cnicos y profesionales mediante cursos, talleres y seminarios facilitados por el Inces.<\/span><\/span><\/p>\n<p align=\"justify\">\n<p style=\"text-align: justify;\" align=\"justify\"><span style=\"font-size: 14pt;\"><span style=\"font-family: Times New Roman, serif;\">El <\/span><span style=\"font-family: Times New Roman, serif;\">viceministro para las Comunidades Educativas y Uni\u00f3n con el Pueblo y presidente del Inces, Wuikelman Angel, <\/span><span style=\"font-family: Times New Roman, serif;\">indic\u00f3 que esta <\/span><span style=\"font-family: Times New Roman, serif;\">\u201ces una actividad innovadora desde el punto de vista de las soluciones que creamos los venezolanos m\u00e1s all\u00e1 de la distancia que impone<\/span><span style=\"font-family: Times New Roman, serif;\">n<\/span><span style=\"font-family: Times New Roman, serif;\"> la pandemia y las fronteras. Es una gran iniciativa y estamos dispuestos a poner todos los programas <\/span><span style=\"font-family: Times New Roman, serif;\">del Inces a la orden de quienes decidieron permanecer fuera de nuestras fronteras\u201d<\/span><span style=\"font-family: Times New Roman, serif;\">.<\/span><\/span><\/p>\n<p align=\"justify\">\n<p style=\"text-align: justify;\" align=\"justify\"><span style=\"font-family: Times New Roman, serif; font-size: 14pt;\">Explic\u00f3 Angel que el Bachillerato Productivo que ofrece el Inces, ahora en el \u00e1mbito internacional, est\u00e1 orientado a dar la oportunidad a aquellas personas que quieran continuar su proceso acad\u00e9mico de manera flexible, y fue enf\u00e1tico al insistir que no solo se trata del t\u00edtulo de bachiller certificado, sino que se adquieren al un\u00edsono conocimientos para desempe\u00f1arse en el campo laboral, productivo. <\/span><\/p>\n<p align=\"justify\"><img loading=\"lazy\" decoding=\"async\" class=\"size-large wp-image-40640 aligncenter\" src=\"https:\/\/inces.gob.ve\/wp-content\/uploads\/2021\/11\/WhatsApp-Image-2021-11-11-at-13.31.55-1024x472.jpeg\" alt=\"\" width=\"640\" height=\"295\" srcset=\"https:\/\/inces.gob.ve\/wp-content\/uploads\/2021\/11\/WhatsApp-Image-2021-11-11-at-13.31.55-1024x472.jpeg 1024w, https:\/\/inces.gob.ve\/wp-content\/uploads\/2021\/11\/WhatsApp-Image-2021-11-11-at-13.31.55-300x138.jpeg 300w, https:\/\/inces.gob.ve\/wp-content\/uploads\/2021\/11\/WhatsApp-Image-2021-11-11-at-13.31.55-768x354.jpeg 768w, https:\/\/inces.gob.ve\/wp-content\/uploads\/2021\/11\/WhatsApp-Image-2021-11-11-at-13.31.55.jpeg 1080w\" sizes=\"auto, (max-width: 640px) 100vw, 640px\" \/><\/p>\n<p style=\"text-align: justify;\" align=\"justify\"><span style=\"font-size: 14pt;\"><span style=\"font-family: Times New Roman, serif;\">Durante la formalizaci\u00f3n de esta propuesta<\/span><span style=\"font-family: Times New Roman, serif;\"> estuvo presente el jefe la Misi\u00f3n Diplom\u00e1tica de Venezuela en Ecuador, Pe<\/span><span style=\"font-family: Times New Roman, serif;\">dro Sassone, quie<\/span><span style=\"font-family: Times New Roman, serif;\">n detall\u00f3<\/span><span style=\"font-family: Times New Roman, serif;\"> que el Club de J\u00f3venes y Educaci\u00f3n Mi Patria Venezuela se trata de un programa de visi\u00f3n humanista <\/span><span style=\"font-family: Times New Roman, serif;\">configurado con el<\/span><span style=\"font-family: Times New Roman, serif;\"> objetivo <\/span><span style=\"font-family: Times New Roman, serif;\">de<\/span><span style=\"font-family: Times New Roman, serif;\"> garantizar la educaci\u00f3n a los connacionales, meta que con la intervenci\u00f3n del Inces <\/span><span style=\"font-family: Times New Roman, serif;\">ahora ser\u00e1<\/span><span style=\"font-family: Times New Roman, serif;\"> posible.<\/span><\/span><\/p>\n<p align=\"justify\">\n<p style=\"text-align: justify;\" align=\"justify\"><span style=\"font-family: Times New Roman, serif; font-size: 14pt;\">Ya hay un aproximado de 165 personas interesadas en inscribirse para comenzar sus estudios. Se acord\u00f3 una segunda reuni\u00f3n de car\u00e1cter t\u00e9cnico para ultimar detalles, dar respuesta a las interrogantes que el club de j\u00f3venes ya comienza a formular y dar as\u00ed inicio a este plan que hoy comienza en Ecuador pero que aspira disgregarse por otras latitudes.<\/span><\/p>\n","protected":false},"excerpt":{"rendered":"<p>** Con el apoyo de la vicecanciller\u00eda para Am\u00e9rica Latina, la casa formativa da un primer paso para tener presencia no solo en el continente sino en el mundo entero<\/p>\n","protected":false},"author":4,"featured_media":40639,"comment_status":"closed","ping_status":"closed","sticky":false,"template":"","format":"standard","meta":{"footnotes":""},"categories":[2],"tags":[],"class_list":["post-40638","post","type-post","status-publish","format-standard","has-post-thumbnail","hentry","category-blog"],"_links":{"self":[{"href":"https:\/\/inces.gob.ve\/index.php\/wp-json\/wp\/v2\/posts\/40638","targetHints":{"allow":["GET"]}}],"collection":[{"href":"https:\/\/inces.gob.ve\/index.php\/wp-json\/wp\/v2\/posts"}],"about":[{"href":"https:\/\/inces.gob.ve\/index.php\/wp-json\/wp\/v2\/types\/post"}],"author":[{"embeddable":true,"href":"https:\/\/inces.gob.ve\/index.php\/wp-json\/wp\/v2\/users\/4"}],"replies":[{"embeddable":true,"href":"https:\/\/inces.gob.ve\/index.php\/wp-json\/wp\/v2\/comments?post=40638"}],"version-history":[{"count":1,"href":"https:\/\/inces.gob.ve\/index.php\/wp-json\/wp\/v2\/posts\/40638\/revisions"}],"predecessor-version":[{"id":40642,"href":"https:\/\/inces.gob.ve\/index.php\/wp-json\/wp\/v2\/posts\/40638\/revisions\/40642"}],"wp:featuredmedia":[{"embeddable":true,"href":"https:\/\/inces.gob.ve\/index.php\/wp-json\/wp\/v2\/media\/40639"}],"wp:attachment":[{"href":"https:\/\/inces.gob.ve\/index.php\/wp-json\/wp\/v2\/media?parent=40638"}],"wp:term":[{"taxonomy":"category","embeddable":true,"href":"https:\/\/inces.gob.ve\/index.php\/wp-json\/wp\/v2\/categories?post=40638"},{"taxonomy":"post_tag","embeddable":true,"href":"https:\/\/inces.gob.ve\/index.php\/wp-json\/wp\/v2\/tags?post=40638"}],"curies":[{"name":"wp","href":"https:\/\/api.w.org\/{rel}","templated":true}]}}