{"id":40644,"date":"2021-11-12T07:16:27","date_gmt":"2021-11-12T11:16:27","guid":{"rendered":"https:\/\/inces.gob.ve\/?p=40644"},"modified":"2021-11-12T07:16:27","modified_gmt":"2021-11-12T11:16:27","slug":"aragua-inces-fortalece-la-formacion-de-los-trabajadores-en-las-entidades-de-trabajo","status":"publish","type":"post","link":"https:\/\/inces.gob.ve\/index.php\/2021\/11\/12\/aragua-inces-fortalece-la-formacion-de-los-trabajadores-en-las-entidades-de-trabajo\/","title":{"rendered":"ARAGUA | Inces fortalece la formaci\u00f3n de los trabajadores en las entidades de trabajo"},"content":{"rendered":"<p style=\"text-align: justify;\"><span style=\"font-family: Liberation Sans Narrow, sans-serif; font-size: 14pt;\"><em><strong>** Cada f\u00e1brica, cada entidad de trabajo, debe contar con una escuela de formaci\u00f3n<\/strong><\/em><br \/>\n<\/span><!--more--><\/p>\n<p style=\"text-align: justify;\">\n<span style=\"font-size: 14pt;\"><strong>ROD\u00cdN BUSTILLOS<\/strong><\/span><\/p>\n<p style=\"text-align: justify;\"><span style=\"font-family: Liberation Sans Narrow, sans-serif; font-size: 14pt;\">El Instituto Nacional de Capacitaci\u00f3n y Educaci\u00f3n Socialista, (Inces), a trav\u00e9s de la Unidad de Formaci\u00f3n Delegada, por medio del plan de formaci\u00f3n viene supervisando y d\u00e1ndole seguimiento a los procesos formativos en las entidades de trabajo.<\/span><\/p>\n<p style=\"text-align: justify;\">\n<p style=\"text-align: justify;\"><span style=\"font-family: Liberation Sans Narrow, sans-serif; font-size: 14pt;\">As\u00ed lo inform\u00f3 el gerente regional del Inces Aragua, Oliver Medina, quien se\u00f1al\u00f3 la importancia de fortalecer la formaci\u00f3n y autoformaci\u00f3n, Integral, contin\u00faa y permanente de los trabajadores. <\/span><\/p>\n<p style=\"text-align: justify;\">\n<p style=\"text-align: justify;\"><span style=\"font-family: Liberation Sans Narrow, sans-serif; font-size: 14pt;\">\u00abEs una estrategia fundamental y primordial en los procesos formativos para impulsar una econom\u00eda productiva dentro de los 16 motores\u00bb, acot\u00f3 Medina.<\/span><\/p>\n<p style=\"text-align: justify;\">\n<p style=\"text-align: justify;\"><span style=\"font-family: Liberation Sans Narrow, sans-serif; font-size: 14pt;\">Se\u00f1al\u00f3 Medina que el objetivo es llevar la escuela de formaci\u00f3n dentro de las f\u00e1bricas. \u00abEn cada fabrica debe haber una escuela de formaci\u00f3n y autoformaci\u00f3n, esto va a permitir formar a nuestros trabajadores (as), con el fin de certificarlos y acreditarlos en sus conocimientos, para garantizar una formaci\u00f3n pertinente en el \u00e1rea productiva\u00bb, manifest\u00f3 Medina. <\/span><\/p>\n<p style=\"text-align: justify;\">\n<p style=\"text-align: justify;\"><span style=\"font-family: Liberation Sans Narrow, sans-serif; font-size: 14pt;\">Por su parte la jefa de la Unidad de Formaci\u00f3n Delegada y Adiestramiento en Entidades de Trabajo del Inces regional Aragua, Rebeca Carpio, inform\u00f3 que la instituci\u00f3n ha venido formando en varias modalidades: presencial, semipresencial y virtual a trabajadores en las entidades de trabajo. <\/span><\/p>\n<p style=\"text-align: justify;\">\n<p style=\"text-align: justify;\"><span style=\"font-family: Liberation Sans Narrow, sans-serif; font-size: 14pt;\">\u00abA trav\u00e9s del Plan de Formadores de Entidades de Trabajo (FET), hemos avanzado en los procesos formativos en la entidad arag\u00fce\u00f1a\u00bb.puntualiz\u00f3 Carpio.<\/span><\/p>\n<p style=\"text-align: justify;\">\n<p style=\"text-align: justify;\" align=\"left\"><span style=\"font-family: Liberation Sans Narrow, sans-serif; font-size: 14pt;\">\u00abYa iniciamos la formaci\u00f3n de 15 trabajadores de la empresa Kellogg&#8217;s, por parte del instructor Carlos Guerra Morillo, de la Empresa AlCECA de Cagua, dictando el curso de Extinguidores Base. La teor\u00eda tiene una duraci\u00f3n de 4 horas y el curso de Prevenci\u00f3n y Extinci\u00f3n de Incendios, cuenta con una duraci\u00f3n de 20 horas.\u00bb, inform\u00f3 Carpio.<\/span><\/p>\n","protected":false},"excerpt":{"rendered":"<p>** Cada f\u00e1brica, cada entidad de trabajo, debe contar con una escuela de formaci\u00f3n<\/p>\n","protected":false},"author":4,"featured_media":35921,"comment_status":"closed","ping_status":"closed","sticky":false,"template":"","format":"standard","meta":{"footnotes":""},"categories":[2],"tags":[],"class_list":["post-40644","post","type-post","status-publish","format-standard","has-post-thumbnail","hentry","category-blog"],"_links":{"self":[{"href":"https:\/\/inces.gob.ve\/index.php\/wp-json\/wp\/v2\/posts\/40644","targetHints":{"allow":["GET"]}}],"collection":[{"href":"https:\/\/inces.gob.ve\/index.php\/wp-json\/wp\/v2\/posts"}],"about":[{"href":"https:\/\/inces.gob.ve\/index.php\/wp-json\/wp\/v2\/types\/post"}],"author":[{"embeddable":true,"href":"https:\/\/inces.gob.ve\/index.php\/wp-json\/wp\/v2\/users\/4"}],"replies":[{"embeddable":true,"href":"https:\/\/inces.gob.ve\/index.php\/wp-json\/wp\/v2\/comments?post=40644"}],"version-history":[{"count":1,"href":"https:\/\/inces.gob.ve\/index.php\/wp-json\/wp\/v2\/posts\/40644\/revisions"}],"predecessor-version":[{"id":40645,"href":"https:\/\/inces.gob.ve\/index.php\/wp-json\/wp\/v2\/posts\/40644\/revisions\/40645"}],"wp:featuredmedia":[{"embeddable":true,"href":"https:\/\/inces.gob.ve\/index.php\/wp-json\/wp\/v2\/media\/35921"}],"wp:attachment":[{"href":"https:\/\/inces.gob.ve\/index.php\/wp-json\/wp\/v2\/media?parent=40644"}],"wp:term":[{"taxonomy":"category","embeddable":true,"href":"https:\/\/inces.gob.ve\/index.php\/wp-json\/wp\/v2\/categories?post=40644"},{"taxonomy":"post_tag","embeddable":true,"href":"https:\/\/inces.gob.ve\/index.php\/wp-json\/wp\/v2\/tags?post=40644"}],"curies":[{"name":"wp","href":"https:\/\/api.w.org\/{rel}","templated":true}]}}