{"id":40648,"date":"2021-11-12T09:26:32","date_gmt":"2021-11-12T13:26:32","guid":{"rendered":"https:\/\/inces.gob.ve\/?p=40648"},"modified":"2021-11-12T09:31:20","modified_gmt":"2021-11-12T13:31:20","slug":"trujillo-pna-se-beneficia-con-jornada-de-vacunacion-organizada-por-el-imet","status":"publish","type":"post","link":"https:\/\/inces.gob.ve\/index.php\/2021\/11\/12\/trujillo-pna-se-beneficia-con-jornada-de-vacunacion-organizada-por-el-imet\/","title":{"rendered":"TRUJILLO | PNA se beneficia con jornada de vacunaci\u00f3n organizada por el IMET"},"content":{"rendered":"<p><span style=\"font-size: 14pt;\"><em><strong>** La segunda dosis est\u00e1 garantizada para el 30 de noviembre<\/strong><\/em><\/span><br \/>\n<!--more--><\/p>\n<p align=\"justify\"><span style=\"font-size: 14pt;\"><b>MAR\u00cdA CABRERA<\/b><\/span><\/p>\n<p align=\"justify\"><span style=\"font-size: 14pt;\">Una jornada especial de vacunaci\u00f3n realiz\u00f3 el Instituto de la Mujer del estado Trujillo dirigida a los integrantes del Programa Nacional de Aprendizaje (PNA), programa Asistente Administrativo, enlace que fue posible entre la gerencia regional del Inces y la presidenta del Imet, seg\u00fan inform\u00f3 Mar\u00eda Cuevas, maestra t\u00e9cnica productiva del Inces Trujillo.<\/span><\/p>\n<p align=\"justify\">\n<p align=\"justify\"><span style=\"font-size: 14pt;\">Los participantes, 21 en total del PNA del Inces \u2013 Trujillo) asistieron a la jornada especial de vacunaci\u00f3n que se llev\u00f3 a cabo en las instalaciones del Centro de Formaci\u00f3n Socialista \u201cBarbarita de La Torre\u201d, ubicado en las adyacencias del organismo ubicado en la avenida Bol\u00edvar del municipio Valera, donde se presentaron las tres funcionarias del Imet.<\/span><\/p>\n<p align=\"justify\">\n<p align=\"justify\"><span style=\"font-size: 14pt;\">Las funcionarias del Imet Iris Rivas, trabajadora social, Yamileth Carrizo, enfermera, as\u00ed como Aibelis Astidias de Recursos Humanos estuvieron apoyando la actividad en la cual la solidaridad de ambos organismos se puso de manifiesto para que los vacunados fuesen informados de la colocaci\u00f3n de la pr\u00f3xima dosis pautada para el 30 de noviembre, informaron las servidoras p\u00fablicas.<\/span><\/p>\n<p align=\"justify\">\n<p align=\"justify\"><span style=\"font-size: 14pt;\">Es importante acotar que esta jornada especial fue producto de una alianza entre Ang\u00e9lica Mor\u00f3n y Aleida P\u00e9rez, quienes vienen trabajando de forma mancomunada para garantizar la salud de la poblaci\u00f3n estudiantil, esto a prop\u00f3sito de la orden del Ministerio de Educaci\u00f3n de la apertura de a\u00f1o escolar en Venezuela.<\/span><\/p>\n<p align=\"justify\">\n<p align=\"justify\"><span style=\"font-size: 14pt;\">Del total de 21 participantes solo a 9 de ellos se les administr\u00f3 la primera dosis de la Sinopharm, mejor conocida como \u201cLa China\u201d dado que el resto de los j\u00f3venes manifestaron que ya hab\u00edan sido vacunados en jornadas que el gobierno nacional realiza en distintos puntos cardinales de la entidad trujillana.<\/span><\/p>\n<p align=\"justify\">\n<p align=\"justify\"><span style=\"font-size: 14pt;\">De ese grupo de 9 j\u00f3venes, 5 eran damas y 4 caballeros, quienes a gusto dieron los datos personales para ser colocados en su tarjeta de vacunaci\u00f3n a presentar en la segunda dosis que se suministrara el pr\u00f3ximo 30 de noviembre en la sede del Imet dijeron las servidoras p\u00fablicas.<\/span><\/p>\n<p>&nbsp;<\/p>\n","protected":false},"excerpt":{"rendered":"<p>** La segunda dosis est\u00e1 garantizada para el 30 de noviembre<\/p>\n","protected":false},"author":4,"featured_media":40651,"comment_status":"closed","ping_status":"closed","sticky":false,"template":"","format":"standard","meta":{"footnotes":""},"categories":[2],"tags":[],"class_list":["post-40648","post","type-post","status-publish","format-standard","has-post-thumbnail","hentry","category-blog"],"_links":{"self":[{"href":"https:\/\/inces.gob.ve\/index.php\/wp-json\/wp\/v2\/posts\/40648","targetHints":{"allow":["GET"]}}],"collection":[{"href":"https:\/\/inces.gob.ve\/index.php\/wp-json\/wp\/v2\/posts"}],"about":[{"href":"https:\/\/inces.gob.ve\/index.php\/wp-json\/wp\/v2\/types\/post"}],"author":[{"embeddable":true,"href":"https:\/\/inces.gob.ve\/index.php\/wp-json\/wp\/v2\/users\/4"}],"replies":[{"embeddable":true,"href":"https:\/\/inces.gob.ve\/index.php\/wp-json\/wp\/v2\/comments?post=40648"}],"version-history":[{"count":3,"href":"https:\/\/inces.gob.ve\/index.php\/wp-json\/wp\/v2\/posts\/40648\/revisions"}],"predecessor-version":[{"id":40652,"href":"https:\/\/inces.gob.ve\/index.php\/wp-json\/wp\/v2\/posts\/40648\/revisions\/40652"}],"wp:featuredmedia":[{"embeddable":true,"href":"https:\/\/inces.gob.ve\/index.php\/wp-json\/wp\/v2\/media\/40651"}],"wp:attachment":[{"href":"https:\/\/inces.gob.ve\/index.php\/wp-json\/wp\/v2\/media?parent=40648"}],"wp:term":[{"taxonomy":"category","embeddable":true,"href":"https:\/\/inces.gob.ve\/index.php\/wp-json\/wp\/v2\/categories?post=40648"},{"taxonomy":"post_tag","embeddable":true,"href":"https:\/\/inces.gob.ve\/index.php\/wp-json\/wp\/v2\/tags?post=40648"}],"curies":[{"name":"wp","href":"https:\/\/api.w.org\/{rel}","templated":true}]}}