{"id":40655,"date":"2021-11-15T00:26:16","date_gmt":"2021-11-15T04:26:16","guid":{"rendered":"https:\/\/inces.gob.ve\/?p=40655"},"modified":"2021-11-13T21:27:13","modified_gmt":"2021-11-14T01:27:13","slug":"aragua-avanzamos-con-pie-firme-desde-el-producir-formando","status":"publish","type":"post","link":"https:\/\/inces.gob.ve\/index.php\/2021\/11\/15\/aragua-avanzamos-con-pie-firme-desde-el-producir-formando\/","title":{"rendered":"ARAGUA | Avanzamos con pie firme desde el producir formando"},"content":{"rendered":"<p style=\"text-align: justify;\"><em><strong><span style=\"font-size: 14pt;\">** Continuamos en Jornada de instalaci\u00f3n de ambientes formativos y realizando alianzas interinstitucionales de formaci\u00f3n a todo nivel<\/span><\/strong><\/em><!--more--><\/p>\n<p>&nbsp;<\/p>\n<p style=\"text-align: justify;\"><span style=\"font-size: 14pt;\"><b>NINOSKA PATRIZ <\/b><\/span><\/p>\n<p style=\"text-align: justify;\"><span style=\"font-size: 14pt;\">\u00abParticipamos en la instalaci\u00f3n del ambiente de ense\u00f1anza a nivel b\u00e1sico de bachillerato, media y universitario para impulsar el avance del pueblo trabajador en su crecimiento integral\u00bb, as\u00ed lo indic\u00f3 el gerente general del Inces Region Aragua, Oliver Medina.<\/span><\/p>\n<p>&nbsp;<\/p>\n<p style=\"text-align: justify;\"><span style=\"font-size: 14pt;\">\u00abEsta actividad fue emulada en las empresas Kellogg&#8217;s y Pastas Sindony, con el fin de estimular a la superaci\u00f3n de los trabajadores y trabajadoras, de impulsar la formaci\u00f3n t\u00e9cnica profesional y darle fuerza al brazo productivo del territorio\u00bb, acot\u00f3 el Ingeniero Oliver Medina.<\/span><\/p>\n<p>&nbsp;<\/p>\n<p style=\"text-align: justify;\"><span style=\"font-size: 14pt;\">Por su parte la UEA se afianza como sin\u00f3nimo de excelencia en materia de Bachillerato en la regi\u00f3n.<\/span><\/p>\n<p>&nbsp;<\/p>\n<p style=\"text-align: justify;\"><span style=\"font-size: 14pt;\">El Inces Region Aragua particip\u00f3 en reuni\u00f3n v\u00eda Zoom para atender el tema: Inicio del plan de acreditaci\u00f3n de saberes y conocimientos por experiencias en ejercicios de los trabajadores de CANTV.<\/span><\/p>\n<p>&nbsp;<\/p>\n<p style=\"text-align: justify;\"><span style=\"font-size: 14pt;\">La informaci\u00f3n fue proporcionada por la jefa de la Unidad Educativa Inces Aragua, Sorangel Blanco, en ocasi\u00f3n de seguir adelante apoyando al estudiantado joven y adulto con visi\u00f3n productiva.<\/span><\/p>\n<p>&nbsp;<\/p>\n<p style=\"text-align: justify;\" align=\"justify\"><span style=\"font-size: 14pt;\">De este modo, Blanco agradeci\u00f3 al equipo de la Unidad Educativa Inces Aragua, su asistencia en la observaci\u00f3n de las orientaciones respectivas<\/span><\/p>\n","protected":false},"excerpt":{"rendered":"<p>** Continuamos en Jornada de instalaci\u00f3n de ambientes formativos y realizando alianzas interinstitucionales de formaci\u00f3n a todo nivel<\/p>\n","protected":false},"author":4,"featured_media":40656,"comment_status":"closed","ping_status":"closed","sticky":false,"template":"","format":"standard","meta":{"footnotes":""},"categories":[2],"tags":[],"class_list":["post-40655","post","type-post","status-publish","format-standard","has-post-thumbnail","hentry","category-blog"],"_links":{"self":[{"href":"https:\/\/inces.gob.ve\/index.php\/wp-json\/wp\/v2\/posts\/40655","targetHints":{"allow":["GET"]}}],"collection":[{"href":"https:\/\/inces.gob.ve\/index.php\/wp-json\/wp\/v2\/posts"}],"about":[{"href":"https:\/\/inces.gob.ve\/index.php\/wp-json\/wp\/v2\/types\/post"}],"author":[{"embeddable":true,"href":"https:\/\/inces.gob.ve\/index.php\/wp-json\/wp\/v2\/users\/4"}],"replies":[{"embeddable":true,"href":"https:\/\/inces.gob.ve\/index.php\/wp-json\/wp\/v2\/comments?post=40655"}],"version-history":[{"count":1,"href":"https:\/\/inces.gob.ve\/index.php\/wp-json\/wp\/v2\/posts\/40655\/revisions"}],"predecessor-version":[{"id":40657,"href":"https:\/\/inces.gob.ve\/index.php\/wp-json\/wp\/v2\/posts\/40655\/revisions\/40657"}],"wp:featuredmedia":[{"embeddable":true,"href":"https:\/\/inces.gob.ve\/index.php\/wp-json\/wp\/v2\/media\/40656"}],"wp:attachment":[{"href":"https:\/\/inces.gob.ve\/index.php\/wp-json\/wp\/v2\/media?parent=40655"}],"wp:term":[{"taxonomy":"category","embeddable":true,"href":"https:\/\/inces.gob.ve\/index.php\/wp-json\/wp\/v2\/categories?post=40655"},{"taxonomy":"post_tag","embeddable":true,"href":"https:\/\/inces.gob.ve\/index.php\/wp-json\/wp\/v2\/tags?post=40655"}],"curies":[{"name":"wp","href":"https:\/\/api.w.org\/{rel}","templated":true}]}}