{"id":40677,"date":"2021-11-16T07:22:17","date_gmt":"2021-11-16T11:22:17","guid":{"rendered":"https:\/\/inces.gob.ve\/?p=40677"},"modified":"2021-11-16T07:22:17","modified_gmt":"2021-11-16T11:22:17","slug":"aragua-inces-reconoce-los-saberes-del-pueblo","status":"publish","type":"post","link":"https:\/\/inces.gob.ve\/index.php\/2021\/11\/16\/aragua-inces-reconoce-los-saberes-del-pueblo\/","title":{"rendered":"ARAGUA | Inces reconoce los saberes del pueblo"},"content":{"rendered":"<p style=\"text-align: justify;\"><em><strong><span style=\"font-size: 14pt;\">** Formaci\u00f3n para la producci\u00f3n<\/span><\/strong><\/em><br \/>\n<!--more--><\/p>\n<p>&nbsp;<\/p>\n<p><strong>RODIN BUSTILLOS<\/strong><\/p>\n<p style=\"text-align: justify;\"><span style=\"font-size: 14pt;\">El Inces Aragua est\u00e1 abocado con la acreditaci\u00f3n de saberes por experiencia y la formaci\u00f3n en los diferentes oficios que se dan en las comunidades. As\u00ed lo se\u00f1al\u00f3 el gerente regional del Inces Aragua, Oliver Medina, quien manifest\u00f3: \u00abla instituci\u00f3n se viene desplegando en varios municipios de la entidad arag\u00fce\u00f1a y estamos reconociendo los saberes del pueblo, y a trav\u00e9s de la caracterizaci\u00f3n y clasificaci\u00f3n en \u00e1reas productivas como lo han venido haciendo los Centros de Formaci\u00f3n Socialsusra (CFS) Agr\u00edcola, EPA, Turismo, Polivalente Berm\u00fadez, Metalminero Maracay, Metalminero La Victoria, Penitenciario, Cagua y el CFS Villa de Cura.<\/span><\/p>\n<p>&nbsp;<\/p>\n<p style=\"text-align: justify;\"><span style=\"font-size: 14pt;\">Se viene certificando y formando al pueblo en el motor Industrial, Turismo, Telecomunicaciones, Inform\u00e1tica, Agr\u00edcola y Agroalimentario, esto fortalecer\u00e1 la organizaci\u00f3n productiva que a trav\u00e9s de las unidades productivas familiares y la empresa de propiedad social, ser\u00e1 punta de lanza para el desarrollo de la econom\u00eda del pa\u00eds\u00bb, acot\u00f3 Medina.<\/span><\/p>\n<p>&nbsp;<\/p>\n<p style=\"text-align: justify;\"><span style=\"font-size: 14pt;\">Por su parte la docente Mar\u00eda Milagros Gonz\u00e1lez, de la Unidad de Coordinaci\u00f3n de Centros de Formaci\u00f3n Profesional del Inces Aragua, se\u00f1al\u00f3 que la instituci\u00f3n tiene la responsabilidad de apoyar en los emprendimientos que a trav\u00e9s de la formaci\u00f3n t\u00e9cnica profesional lograr\u00e1n impulsar una econom\u00eda productiva para el pa\u00eds. \u00abLa Unidad de Centros viene acompa\u00f1ando la formaci\u00f3n y hemos estado motivando a organizar sus emprendimientos, y los participantes, una vez formados por el Inces, apoy\u00e1ndose en la Ley del Emprendimiento, aprobada por la Asamblea Nacional, pasan a inscribirse en la p\u00e1gina Patria y en el portal, Vamos a Emprender, anunciado por el presidente Nicol\u00e1s Maduro en su alocuci\u00f3n del mi\u00e9rcoles productivo. Es una manera de apoyar a estos emprendedores y emprendedoras\u00bb, Acot\u00f3 Gonz\u00e1lez.<\/span><\/p>\n<p>&nbsp;<\/p>\n<p style=\"text-align: justify;\"><span style=\"font-size: 14pt;\">Por otra parte la jefa del Programa Penintenciario \u00abLuisa C\u00e1ceres de Arismendi\u00bb, Rosa Torres, inform\u00f3 que se logr\u00f3 la culminaci\u00f3n del curso de Elaboraci\u00f3n de Pasapalos y Panificaci\u00f3n Dom\u00e9stica, donde 27 participantes organizaron una desgustaci\u00f3n de los diferentes pasapalos, cremas, tartaletas, croquetas y minipizzas, curso dictado por la maestra Elisa Moreno.<\/span><\/p>\n<p>&nbsp;<\/p>\n<p style=\"text-align: justify;\"><span style=\"font-size: 14pt;\">Igualmente el CFS Agr\u00edcola EPA, logr\u00f3 formar 19 participantes en la Elaboraci\u00f3n de Productos a base de S\u00e1bila en Santa Rita, municipio Francisco Linares Alc\u00e1ntara dictado por la MTP Zaida Olivar, demostraron sus destrezas aprendidas durante la formaci\u00f3n en la producci\u00f3n de shampoo, crema corporal, geles y antibacteriales. As\u00ed como tambi\u00e9n 15 mujeres fueron formadas por el Inces en el \u00e1rea de \u00abControladores Biol\u00f3gicos \u00bb dictado por los maestros t\u00e9cnicos productivos (MTP) Mar\u00eda Ang\u00e9lica Adarmes, Justo Mogoll\u00f3n e Gilson Yssac. As\u00ed lo inform\u00f3 la jefa del CFS Agr\u00edcola EPA Mar\u00eda Jos\u00e9 D\u00edaz.<\/span><\/p>\n<p>&nbsp;<\/p>\n<p style=\"text-align: justify;\"><span style=\"font-size: 14pt;\">Tambi\u00e9n durante la socializaci\u00f3n de saberes del personal docente, padres representantes, estudiantes y comunidad, en la Unidad Educativa Estadal Nuestra Se\u00f1ora de Coromoto en el municipio Francisco Linares Alc\u00e1ntara en el marco de la alianza del Inces con el ente municipal, se logr\u00f3 la certificaic\u00f3n a trav\u00e9s del CFS CEMA.<\/span><\/p>\n<p>&nbsp;<\/p>\n<p style=\"text-align: justify;\"><span style=\"font-size: 14pt;\">Gerardo Diaz dict\u00f3 el curso de Electricidad del Autom\u00f3vil y el maetsro Jos\u00e9 de Los Santos, el curso de Reparaci\u00f3n de Aparatos El\u00e9ctrodomesticos. De igual manera en el municipio libertador se llev\u00f3 a cabo la acreditaci\u00f3n de saberes a trav\u00e9s del CFS Turismo, donde m\u00e1s de 135 saberes se reconocieron al pueblo, como Panificaci\u00f3n, Reposter\u00eda, Cocina Dom\u00e9stica, Pasteler\u00eda, herrer\u00eda, confeccionistas, entre otros sevento que se realizaron en la cancha de la comunidad de la Ovallera, parroquia San Mart\u00edn de Porres.<\/span><\/p>\n<p>&nbsp;<\/p>\n<p style=\"text-align: justify;\"><span style=\"font-size: 14pt;\">Por su parte la la directora de la Unidad Educativa Estadal, \u00abNuestra Se\u00f1ora de La Coromoto\u201d, Ana V\u00e1squez, agradeci\u00f3 el apoyo brindado por el Inces a trav\u00e9s de sus maestros t\u00e9cnicos productivos, \u201cpor ofrecer sus cursos, que durante estos dos a\u00f1os de Pandemia por el COVID-19 han sido beneficiosos y productivos para los participantes que recibieron la formaci\u00f3n, y esto fortalecer\u00e1 el emprendimiento con visi\u00f3n de conformar peque\u00f1as empresas sociales productivas, ofreciendo buen precio que benefician gran parte de la comunidad Linarense\u00bb, puntualiz\u00f3 V\u00e1squez.<\/span><\/p>\n","protected":false},"excerpt":{"rendered":"<p>** Formaci\u00f3n para la producci\u00f3n<\/p>\n","protected":false},"author":4,"featured_media":40678,"comment_status":"closed","ping_status":"closed","sticky":false,"template":"","format":"standard","meta":{"footnotes":""},"categories":[2],"tags":[],"class_list":["post-40677","post","type-post","status-publish","format-standard","has-post-thumbnail","hentry","category-blog"],"_links":{"self":[{"href":"https:\/\/inces.gob.ve\/index.php\/wp-json\/wp\/v2\/posts\/40677","targetHints":{"allow":["GET"]}}],"collection":[{"href":"https:\/\/inces.gob.ve\/index.php\/wp-json\/wp\/v2\/posts"}],"about":[{"href":"https:\/\/inces.gob.ve\/index.php\/wp-json\/wp\/v2\/types\/post"}],"author":[{"embeddable":true,"href":"https:\/\/inces.gob.ve\/index.php\/wp-json\/wp\/v2\/users\/4"}],"replies":[{"embeddable":true,"href":"https:\/\/inces.gob.ve\/index.php\/wp-json\/wp\/v2\/comments?post=40677"}],"version-history":[{"count":1,"href":"https:\/\/inces.gob.ve\/index.php\/wp-json\/wp\/v2\/posts\/40677\/revisions"}],"predecessor-version":[{"id":40679,"href":"https:\/\/inces.gob.ve\/index.php\/wp-json\/wp\/v2\/posts\/40677\/revisions\/40679"}],"wp:featuredmedia":[{"embeddable":true,"href":"https:\/\/inces.gob.ve\/index.php\/wp-json\/wp\/v2\/media\/40678"}],"wp:attachment":[{"href":"https:\/\/inces.gob.ve\/index.php\/wp-json\/wp\/v2\/media?parent=40677"}],"wp:term":[{"taxonomy":"category","embeddable":true,"href":"https:\/\/inces.gob.ve\/index.php\/wp-json\/wp\/v2\/categories?post=40677"},{"taxonomy":"post_tag","embeddable":true,"href":"https:\/\/inces.gob.ve\/index.php\/wp-json\/wp\/v2\/tags?post=40677"}],"curies":[{"name":"wp","href":"https:\/\/api.w.org\/{rel}","templated":true}]}}