{"id":40686,"date":"2021-11-17T06:29:01","date_gmt":"2021-11-17T10:29:01","guid":{"rendered":"https:\/\/inces.gob.ve\/?p=40686"},"modified":"2021-11-17T06:29:01","modified_gmt":"2021-11-17T10:29:01","slug":"carabobo-adultas-mayores-culminaron-formacion-elaboracion-de-prendas-para-bebes","status":"publish","type":"post","link":"https:\/\/inces.gob.ve\/index.php\/2021\/11\/17\/carabobo-adultas-mayores-culminaron-formacion-elaboracion-de-prendas-para-bebes\/","title":{"rendered":"CARABOBO | Adultas mayores culminaron Formacion: Elaboraci\u00f3n de Prendas para Beb\u00e9s"},"content":{"rendered":"<p style=\"text-align: justify;\" align=\"justify\"><span style=\"font-size: 14pt;\"><i><b><span style=\"color: #000000;\"><span style=\"font-family: Arial, serif;\">** Se<\/span><\/span><span style=\"color: #000000;\"><span style=\"font-family: Arial, serif;\"> trata de un esfuerzo conjunto entre <\/span><\/span><span style=\"color: #000000;\"><span style=\"font-family: Arial, serif;\">C<\/span><\/span><span style=\"color: #000000;\"><span style=\"font-family: Arial, serif;\">FS<\/span><\/span><span style=\"color: #000000;\"><span style=\"font-family: Arial, serif;\"> Bicentenario y la <\/span><\/span><span style=\"color: #000000;\"><span style=\"font-family: Arial, serif;\">A<\/span><\/span><span style=\"color: #000000;\"><span style=\"font-family: Arial, serif;\">ldea\u00bbHuellas de la Vida\u00bb<\/span><\/span><\/b><\/i><\/span><!--more--><\/p>\n<p style=\"text-align: justify;\" align=\"justify\">\n<p style=\"text-align: justify;\" align=\"justify\"><span style=\"font-size: 14pt;\"><b><span style=\"color: #000000;\"><span style=\"font-family: Arial, serif;\">ATILIA CORT<\/span><\/span><span style=\"color: #000000;\"><span style=\"font-family: Arial, serif;\">\u00c9<\/span><\/span><span style=\"color: #000000;\"><span style=\"font-family: Arial, serif;\">Z CA\u00d1ADAS<\/span><\/span><\/b><\/span><\/p>\n<p style=\"text-align: justify;\" align=\"justify\"><span style=\"font-size: 14pt;\"><span style=\"color: #000000;\"><span style=\"font-family: Arial, serif;\">En los espacios de la <\/span><\/span><span style=\"color: #000000;\"><span style=\"font-family: Arial, serif;\">a<\/span><\/span><span style=\"color: #000000;\"><span style=\"font-family: Arial, serif;\">ldea Huellas de la Vida, ubicada en el sector La Coromoto del municipio Guacara, se realiz\u00f3 la Muestra Formativa del Cierre del Curso de Confecci\u00f3n de Prendas para Beb\u00e9s, bajo la gu\u00eda de la <\/span><\/span><span style=\"color: #000000;\"><span style=\"font-family: Arial, serif;\">maestra t\u00e9cnica productiva (MTP) <\/span><\/span><span style=\"color: #000000;\"><span style=\"font-family: Arial, serif;\">Maritza Parga, <\/span><\/span><span style=\"color: #000000;\"><span style=\"font-family: Arial, serif;\">adscrita al centro de formaci\u00f3n socialista (CFS) <\/span><\/span><span style=\"color: #000000;\"><span style=\"font-family: Arial, serif;\">Bicentenario, del Inces Carabobo.<\/span><\/span><\/span><\/p>\n<p style=\"text-align: justify;\" align=\"justify\">\n<p style=\"text-align: justify;\" align=\"justify\"><span style=\"font-size: 14pt;\"><span style=\"color: #000000;\"><span style=\"font-family: Arial, serif;\">Se pudo conocer que durante las m\u00e1s de 200 horas de formaci\u00f3n se cumplieron con las medidas de bioseguridad, con la cantidad m\u00ednima de 23 participantes <\/span><\/span><span style=\"color: #000000;\"><span style=\"font-family: Arial, serif;\">(<\/span><\/span><span style=\"color: #000000;\"><span style=\"font-family: Arial, serif;\">22 adultas mayores y un masculino<\/span><\/span><span style=\"color: #000000;\"><span style=\"font-family: Arial, serif;\">)<\/span><\/span><span style=\"color: #000000;\"><span style=\"font-family: Arial, serif;\"> quienes participaron en la exposici\u00f3n y mostraron diversas piezas de ropa de beb\u00e9 elaborad<\/span><\/span><span style=\"color: #000000;\"><span style=\"font-family: Arial, serif;\">a<\/span><\/span><span style=\"color: #000000;\"><span style=\"font-family: Arial, serif;\">s por ellos mismos .<\/span><\/span><\/span><\/p>\n<p style=\"text-align: justify;\" align=\"justify\">\n<p style=\"text-align: justify;\" align=\"justify\"><span style=\"font-size: 14pt;\"><b><span style=\"color: #000000;\"><span style=\"font-family: Arial, serif;\">Apoyo de la <\/span><\/span><span style=\"color: #000000;\"><span style=\"font-family: Arial, serif;\">a<\/span><\/span><span style=\"color: #000000;\"><span style=\"font-family: Arial, serif;\">lcald\u00eda de Guacara<\/span><\/span><\/b><\/span><\/p>\n<p style=\"text-align: justify;\" align=\"justify\"><span style=\"font-size: 14pt;\"><span style=\"color: #000000;\"><span style=\"font-family: Arial, serif;\">Para la exposici\u00f3n de la culminaci\u00f3n de la formaci\u00f3n en general, se cont\u00f3 con el apoyo de Leoduardo Morales y Rosa Ortega, representantes de la <\/span><\/span><span style=\"color: #000000;\"><span style=\"font-family: Arial, serif;\">a<\/span><\/span><span style=\"color: #000000;\"><span style=\"font-family: Arial, serif;\">lcald\u00eda de Guacara; adem\u00e1s de Santos Torrealba y del Consejo Comunal del Adulto Mayor y de Elva Rivero, coordinadora de la Aldea Huellas de la Vida por permitir y facilitar estos espacios para la formaci\u00f3n de adultas y adultos mayores.<\/span><\/span><\/span><\/p>\n","protected":false},"excerpt":{"rendered":"<p>** Se trata de un esfuerzo conjunto entre CFS Bicentenario y la Aldea\u00bbHuellas de la Vida\u00bb<\/p>\n","protected":false},"author":4,"featured_media":27901,"comment_status":"closed","ping_status":"closed","sticky":false,"template":"","format":"standard","meta":{"footnotes":""},"categories":[2],"tags":[],"class_list":["post-40686","post","type-post","status-publish","format-standard","has-post-thumbnail","hentry","category-blog"],"_links":{"self":[{"href":"https:\/\/inces.gob.ve\/index.php\/wp-json\/wp\/v2\/posts\/40686","targetHints":{"allow":["GET"]}}],"collection":[{"href":"https:\/\/inces.gob.ve\/index.php\/wp-json\/wp\/v2\/posts"}],"about":[{"href":"https:\/\/inces.gob.ve\/index.php\/wp-json\/wp\/v2\/types\/post"}],"author":[{"embeddable":true,"href":"https:\/\/inces.gob.ve\/index.php\/wp-json\/wp\/v2\/users\/4"}],"replies":[{"embeddable":true,"href":"https:\/\/inces.gob.ve\/index.php\/wp-json\/wp\/v2\/comments?post=40686"}],"version-history":[{"count":1,"href":"https:\/\/inces.gob.ve\/index.php\/wp-json\/wp\/v2\/posts\/40686\/revisions"}],"predecessor-version":[{"id":40687,"href":"https:\/\/inces.gob.ve\/index.php\/wp-json\/wp\/v2\/posts\/40686\/revisions\/40687"}],"wp:featuredmedia":[{"embeddable":true,"href":"https:\/\/inces.gob.ve\/index.php\/wp-json\/wp\/v2\/media\/27901"}],"wp:attachment":[{"href":"https:\/\/inces.gob.ve\/index.php\/wp-json\/wp\/v2\/media?parent=40686"}],"wp:term":[{"taxonomy":"category","embeddable":true,"href":"https:\/\/inces.gob.ve\/index.php\/wp-json\/wp\/v2\/categories?post=40686"},{"taxonomy":"post_tag","embeddable":true,"href":"https:\/\/inces.gob.ve\/index.php\/wp-json\/wp\/v2\/tags?post=40686"}],"curies":[{"name":"wp","href":"https:\/\/api.w.org\/{rel}","templated":true}]}}