{"id":40705,"date":"2021-11-19T13:19:19","date_gmt":"2021-11-19T17:19:19","guid":{"rendered":"https:\/\/inces.gob.ve\/?p=40705"},"modified":"2021-11-19T13:19:19","modified_gmt":"2021-11-19T17:19:19","slug":"valencia-gobernacion-de-carabobo-realizo-mantenimiento-de-areas-verdes-del-cfs-luis-beltran","status":"publish","type":"post","link":"https:\/\/inces.gob.ve\/index.php\/2021\/11\/19\/valencia-gobernacion-de-carabobo-realizo-mantenimiento-de-areas-verdes-del-cfs-luis-beltran\/","title":{"rendered":"VALENCIA | Gobernaci\u00f3n de Carabobo realiz\u00f3 mantenimiento de \u00e1reas verdes del CFS Luis Beltr\u00e1n"},"content":{"rendered":"<p align=\"justify\"><span style=\"font-size: 14pt;\"><i><b><span style=\"color: #000000;\"><span style=\"font-family: Arial, serif;\">** <\/span><\/span><span style=\"color: #000000;\"><span style=\"font-family: Arial, serif;\">P<\/span><\/span><span style=\"color: #000000;\"><span style=\"font-family: Arial, serif;\">articip\u00f3 en la recuperaci\u00f3n de los espacios el <\/span><\/span><span style=\"color: #000000;\"><span style=\"font-family: Arial, serif;\">p<\/span><\/span><span style=\"color: #000000;\"><span style=\"font-family: Arial, serif;\">oder <\/span><\/span><span style=\"color: #000000;\"><span style=\"font-family: Arial, serif;\">p<\/span><\/span><span style=\"color: #000000;\"><span style=\"font-family: Arial, serif;\">opular organizado del sector<\/span><\/span><\/b><\/i><\/span><!--more--><\/p>\n<p align=\"justify\">\n<p align=\"justify\"><span style=\"font-size: 14pt;\"><b><span style=\"color: #000000;\"><span style=\"font-family: Arial, serif;\">ATILIA CORTEZ CA\u00d1ADAS<\/span><\/span><\/b><\/span><\/p>\n<p align=\"justify\"><span style=\"font-size: 14pt;\"><span style=\"color: #000000;\"><span style=\"font-family: Arial, serif;\">En las \u00e1reas verdes del Centro de Formaci\u00f3n Socialista (C<\/span><\/span><span style=\"color: #000000;\"><span style=\"font-family: Arial, serif;\">FS<\/span><\/span><span style=\"color: #000000;\"><span style=\"font-family: Arial, serif;\">) Luis Beltr\u00e1n Prieto Figueroa de Valencia, ubicado en el sector Los Colorados de la parroquia San Jos\u00e9, se llev\u00f3 a cabo una <\/span><\/span><span style=\"color: #000000;\"><span style=\"font-family: Arial, serif;\">j<\/span><\/span><span style=\"color: #000000;\"><span style=\"font-family: Arial, serif;\">ornada de <\/span><\/span><span style=\"color: #000000;\"><span style=\"font-family: Arial, serif;\">l<\/span><\/span><span style=\"color: #000000;\"><span style=\"font-family: Arial, serif;\">impieza gracias a la cuadrilla de trabajo de la <\/span><\/span><span style=\"color: #000000;\"><span style=\"font-family: Arial, serif;\">G<\/span><\/span><span style=\"color: #000000;\"><span style=\"font-family: Arial, serif;\">obernaci\u00f3n de Carabobo y <\/span><\/span><span style=\"color: #000000;\"><span style=\"font-family: Arial, serif;\">Alcald\u00eda <\/span><\/span><span style=\"color: #000000;\"><span style=\"font-family: Arial, serif;\">de Valencia.<\/span><\/span><\/span><\/p>\n<p align=\"justify\">\n<p align=\"justify\"><span style=\"font-size: 14pt;\"><span style=\"color: #000000;\"><span style=\"font-family: Arial, serif;\">Al respecto la licenciada Hayde Zambrano jefe del Cfs explic\u00f3: \u00ab<\/span><\/span><span style=\"color: #000000;\"><span style=\"font-family: Arial, serif;\">E<\/span><\/span><span style=\"color: #000000;\"><span style=\"font-family: Arial, serif;\">s importante dar gracias a muchas personas e instituciones que nos apoyaron tal como la Gobernaci\u00f3n de Carabobo, la Alcald\u00eda de Valencia y el enlace Jos\u00e9 Vicente N\u00fa\u00f1ez, entre otros\u201d.<\/span><\/span><\/span><\/p>\n<p align=\"justify\">\n<p align=\"justify\"><span style=\"font-size: 14pt;\"><span style=\"color: #000000;\"><span style=\"font-family: Arial, serif;\">Zambrano destac\u00f3 que las <\/span><\/span><span style=\"color: #000000;\"><span style=\"font-family: Arial, serif;\">c<\/span><\/span><span style=\"color: #000000;\"><span style=\"font-family: Arial, serif;\">uadrillas de <\/span><\/span><span style=\"color: #000000;\"><span style=\"font-family: Arial, serif;\">l<\/span><\/span><span style=\"color: #000000;\"><span style=\"font-family: Arial, serif;\">impieza tambi\u00e9n participaron en el mantenimiento y desmalezamiento del cultivo del <\/span><\/span><span style=\"color: #000000;\"><span style=\"font-family: Arial, serif;\">c<\/span><\/span><span style=\"color: #000000;\"><span style=\"font-family: Arial, serif;\">olectivo Huerto INCES Los Colorados, que es un espacio dentro del C<\/span><\/span><span style=\"color: #000000;\"><span style=\"font-family: Arial, serif;\">FS<\/span><\/span><span style=\"color: #000000;\"><span style=\"font-family: Arial, serif;\"> dedicado a la siembra y cultivo.<\/span><\/span><\/span><\/p>\n<p align=\"justify\">\n<p align=\"justify\"><span style=\"font-size: 14pt;\"><span style=\"color: #000000;\"><span style=\"font-family: Arial, serif;\">\u00abEste <\/span><\/span><span style=\"color: #000000;\"><span style=\"font-family: Arial, serif;\">C<\/span><\/span><span style=\"color: #000000;\"><span style=\"font-family: Arial, serif;\">olectivo denominado \u00abHuerto Inces Los Colorados\u00bb est\u00e1 integrado por el Clap, UBCH. Milicia Bolivariana, CFS Luis Beltr\u00e1n Prieto Figueroa y vecinos de la comunidad Los Colorados, y con miras despu\u00e9s de esta jornada, en tiempos pr\u00f3ximos, de volver a sembrar diversos rubros en este espacio\u00bb, puntualiz\u00f3 la jefe del C<\/span><\/span><span style=\"color: #000000;\"><span style=\"font-family: Arial, serif;\">FS<\/span><\/span><span style=\"color: #000000;\"><span style=\"font-family: Arial, serif;\">.<\/span><\/span><\/span><\/p>\n","protected":false},"excerpt":{"rendered":"<p>** Particip\u00f3 en la recuperaci\u00f3n de los espacios el poder popular organizado del sector<\/p>\n","protected":false},"author":4,"featured_media":40706,"comment_status":"closed","ping_status":"closed","sticky":false,"template":"","format":"standard","meta":{"footnotes":""},"categories":[2],"tags":[],"class_list":["post-40705","post","type-post","status-publish","format-standard","has-post-thumbnail","hentry","category-blog"],"_links":{"self":[{"href":"https:\/\/inces.gob.ve\/index.php\/wp-json\/wp\/v2\/posts\/40705","targetHints":{"allow":["GET"]}}],"collection":[{"href":"https:\/\/inces.gob.ve\/index.php\/wp-json\/wp\/v2\/posts"}],"about":[{"href":"https:\/\/inces.gob.ve\/index.php\/wp-json\/wp\/v2\/types\/post"}],"author":[{"embeddable":true,"href":"https:\/\/inces.gob.ve\/index.php\/wp-json\/wp\/v2\/users\/4"}],"replies":[{"embeddable":true,"href":"https:\/\/inces.gob.ve\/index.php\/wp-json\/wp\/v2\/comments?post=40705"}],"version-history":[{"count":1,"href":"https:\/\/inces.gob.ve\/index.php\/wp-json\/wp\/v2\/posts\/40705\/revisions"}],"predecessor-version":[{"id":40707,"href":"https:\/\/inces.gob.ve\/index.php\/wp-json\/wp\/v2\/posts\/40705\/revisions\/40707"}],"wp:featuredmedia":[{"embeddable":true,"href":"https:\/\/inces.gob.ve\/index.php\/wp-json\/wp\/v2\/media\/40706"}],"wp:attachment":[{"href":"https:\/\/inces.gob.ve\/index.php\/wp-json\/wp\/v2\/media?parent=40705"}],"wp:term":[{"taxonomy":"category","embeddable":true,"href":"https:\/\/inces.gob.ve\/index.php\/wp-json\/wp\/v2\/categories?post=40705"},{"taxonomy":"post_tag","embeddable":true,"href":"https:\/\/inces.gob.ve\/index.php\/wp-json\/wp\/v2\/tags?post=40705"}],"curies":[{"name":"wp","href":"https:\/\/api.w.org\/{rel}","templated":true}]}}