{"id":40744,"date":"2021-11-25T07:56:36","date_gmt":"2021-11-25T11:56:36","guid":{"rendered":"https:\/\/inces.gob.ve\/?p=40744"},"modified":"2021-11-25T07:56:36","modified_gmt":"2021-11-25T11:56:36","slug":"carabobo-trabajadores-del-inces-fueron-atendidos-en-una-jornada-de-barberia-y-peluqueria","status":"publish","type":"post","link":"https:\/\/inces.gob.ve\/index.php\/2021\/11\/25\/carabobo-trabajadores-del-inces-fueron-atendidos-en-una-jornada-de-barberia-y-peluqueria\/","title":{"rendered":"CARABOBO | Trabajadores del Inces fueron atendidos en una jornada de barber\u00eda y peluquer\u00eda"},"content":{"rendered":"<p align=\"justify\"><span style=\"font-size: 14pt;\"><i><b><span style=\"color: #000000;\"><span style=\"font-family: Arial, serif;\">** La actividad se realiz\u00f3 en los espacios del C<\/span><\/span><span style=\"color: #000000;\"><span style=\"font-family: Arial, serif;\">FS<\/span><\/span><span style=\"color: #000000;\"><span style=\"font-family: Arial, serif;\"> Luis Beltr\u00e1n Prieto Figueroa y de la mano de la <\/span><\/span><span style=\"color: #000000;\"><span style=\"font-family: Arial, serif;\">maestra <\/span><\/span><span style=\"color: #000000;\"><span style=\"font-family: Arial, serif;\">Sorady Silva<\/span><\/span><\/b><\/i><!--more--><\/span><\/p>\n<p align=\"justify\">\n<p align=\"justify\"><span style=\"font-size: 14pt;\"><b><span style=\"color: #000000;\"><span style=\"font-family: Arial, serif;\">ATILIA CORTEZ CA\u00d1ADAS<\/span><\/span><\/b><\/span><\/p>\n<p align=\"justify\"><span style=\"font-size: 14pt;\"><span style=\"color: #000000;\"><span style=\"font-family: Arial, serif;\">Un grupo de trabajadores entre obreros, <\/span><\/span><span style=\"color: #000000;\"><span style=\"font-family: Arial, serif;\">maestros t\u00e9cnicos productivos (MTP)<\/span><\/span><span style=\"color: #000000;\"><span style=\"font-family: Arial, serif;\"> y personal administrativo del Inces Carabobo fueron atendidos en un Jornada de Servicio Social que se realiz\u00f3 en el sector Los Colorados de Valencia.<\/span><\/span><\/span><\/p>\n<p align=\"justify\">\n<p align=\"justify\"><span style=\"font-size: 14pt;\"><span style=\"color: #000000;\"><span style=\"font-family: Arial, serif;\">Al respecto la licenciada Hayde Zambrano, jefa del <\/span><\/span><span style=\"color: #000000;\"><span style=\"font-family: Arial, serif;\">centro de formaci\u00f3n socialista (CFS) <\/span><\/span><span style=\"color: #000000;\"><span style=\"font-family: Arial, serif;\">Luis Beltr\u00e1n Prieto explic\u00f3 que en la entrada de<\/span><\/span><span style=\"color: #000000;\"><span style=\"font-family: Arial, serif;\">l centro <\/span><\/span><span style=\"color: #000000;\"><span style=\"font-family: Arial, serif;\">se realiz\u00f3 <\/span><\/span><span style=\"color: #000000;\"><span style=\"font-family: Arial, serif;\">la <\/span><\/span><span style=\"color: #000000;\"><span style=\"font-family: Arial, serif;\">actividad con la participaci\u00f3n de la <\/span><\/span><span style=\"color: #000000;\"><span style=\"font-family: Arial, serif;\">MTP <\/span><\/span><span style=\"color: #000000;\"><span style=\"font-family: Arial, serif;\">Sorady Silva y su grupo de participantes <\/span><\/span><span style=\"color: #000000;\"><span style=\"font-family: Arial, serif;\">de la formaci\u00f3n <\/span><\/span><span style=\"color: #000000;\"><span style=\"font-family: Arial, serif;\">de Barber\u00eda y Peluquer\u00eda que se imparte desde los espacios del <\/span><\/span><span style=\"color: #000000;\"><span style=\"font-family: Arial, serif;\">CFS <\/span><\/span><span style=\"color: #000000;\"><span style=\"font-family: Arial, serif;\">Sim\u00f3n Rodr\u00edguez.<\/span><\/span><\/span><\/p>\n<p align=\"justify\">\n<p align=\"justify\"><span style=\"color: #000000; font-size: 14pt;\"><span style=\"font-family: Arial, serif;\">Zambrano destac\u00f3 que la actividad \u00bb fue articulada con el apoyo de las Divisiones de Talento Humano, Formaci\u00f3n Profesional, CFS Sim\u00f3n Rodriguez y el CFS Luis Beltran Prieto Figueroa\u00bb.<\/span><\/span><\/p>\n<p align=\"justify\">\n<p align=\"justify\"><span style=\"font-size: 14pt;\"><span style=\"color: #000000;\"><span style=\"font-family: Arial, serif;\">\u00abEsta actividad se realiz<\/span><\/span><span style=\"color: #000000;\"><span style=\"font-family: Arial, serif;\">\u00f3<\/span><\/span><span style=\"color: #000000;\"><span style=\"font-family: Arial, serif;\"> como <\/span><\/span><span style=\"color: #000000;\"><span style=\"font-family: Arial, serif;\">r<\/span><\/span><span style=\"color: #000000;\"><span style=\"font-family: Arial, serif;\">egalo a los trabajadores y a la comunidad, <\/span><\/span><span style=\"color: #000000;\"><span style=\"font-family: Arial, serif;\">d<\/span><\/span><span style=\"color: #000000;\"><span style=\"font-family: Arial, serif;\">entro de la programaci\u00f3n de la<\/span><\/span><span style=\"color: #000000;\"><span style=\"font-family: Arial, serif;\">a<\/span><\/span><span style=\"color: #000000;\"><span style=\"font-family: Arial, serif;\"> actividades que dan inicio a la Navidad 2021&#8243;, acot\u00f3 la jefe del C<\/span><\/span><span style=\"color: #000000;\"><span style=\"font-family: Arial, serif;\">FS<\/span><\/span><span style=\"color: #000000;\"><span style=\"font-family: Arial, serif;\">.<\/span><\/span><\/span><\/p>\n<p align=\"justify\">\n<p align=\"justify\"><span style=\"font-size: 14pt;\"><span style=\"color: #000000;\"><span style=\"font-family: Arial, serif;\">\u00abEs satisfactorio ver c\u00f3mo nuestros compa\u00f1eros de labores de diversas \u00e1reas de trabajo del Inces Carabobo se beneficiaron de esta jornada, <\/span><\/span><span style=\"color: #000000;\"><span style=\"font-family: Arial, serif;\">en la que<\/span><\/span><span style=\"color: #000000;\"><span style=\"font-family: Arial, serif;\"> se cumpli\u00f3 con las debidas medidas de bioseguridad\u00bb, punt\u00faalizo Zambrano.<\/span><\/span><\/span><\/p>\n","protected":false},"excerpt":{"rendered":"<p>** La actividad se realiz\u00f3 en los espacios del CFS Luis Beltr\u00e1n Prieto Figueroa y de la mano de la maestra Sorady Silva<\/p>\n","protected":false},"author":4,"featured_media":40745,"comment_status":"closed","ping_status":"closed","sticky":false,"template":"","format":"standard","meta":{"footnotes":""},"categories":[2],"tags":[],"class_list":["post-40744","post","type-post","status-publish","format-standard","has-post-thumbnail","hentry","category-blog"],"_links":{"self":[{"href":"https:\/\/inces.gob.ve\/index.php\/wp-json\/wp\/v2\/posts\/40744","targetHints":{"allow":["GET"]}}],"collection":[{"href":"https:\/\/inces.gob.ve\/index.php\/wp-json\/wp\/v2\/posts"}],"about":[{"href":"https:\/\/inces.gob.ve\/index.php\/wp-json\/wp\/v2\/types\/post"}],"author":[{"embeddable":true,"href":"https:\/\/inces.gob.ve\/index.php\/wp-json\/wp\/v2\/users\/4"}],"replies":[{"embeddable":true,"href":"https:\/\/inces.gob.ve\/index.php\/wp-json\/wp\/v2\/comments?post=40744"}],"version-history":[{"count":1,"href":"https:\/\/inces.gob.ve\/index.php\/wp-json\/wp\/v2\/posts\/40744\/revisions"}],"predecessor-version":[{"id":40746,"href":"https:\/\/inces.gob.ve\/index.php\/wp-json\/wp\/v2\/posts\/40744\/revisions\/40746"}],"wp:featuredmedia":[{"embeddable":true,"href":"https:\/\/inces.gob.ve\/index.php\/wp-json\/wp\/v2\/media\/40745"}],"wp:attachment":[{"href":"https:\/\/inces.gob.ve\/index.php\/wp-json\/wp\/v2\/media?parent=40744"}],"wp:term":[{"taxonomy":"category","embeddable":true,"href":"https:\/\/inces.gob.ve\/index.php\/wp-json\/wp\/v2\/categories?post=40744"},{"taxonomy":"post_tag","embeddable":true,"href":"https:\/\/inces.gob.ve\/index.php\/wp-json\/wp\/v2\/tags?post=40744"}],"curies":[{"name":"wp","href":"https:\/\/api.w.org\/{rel}","templated":true}]}}