{"id":40772,"date":"2021-11-29T07:46:39","date_gmt":"2021-11-29T11:46:39","guid":{"rendered":"https:\/\/inces.gob.ve\/?p=40772"},"modified":"2021-11-29T07:46:39","modified_gmt":"2021-11-29T11:46:39","slug":"aragua-desde-alimentos-kelloggs-apostamos-por-la-acreditacion-productiva","status":"publish","type":"post","link":"https:\/\/inces.gob.ve\/index.php\/2021\/11\/29\/aragua-desde-alimentos-kelloggs-apostamos-por-la-acreditacion-productiva\/","title":{"rendered":"ARAGUA | Desde Alimentos Kellogg\u2019s apostamos por la acreditaci\u00f3n productiva"},"content":{"rendered":"<p style=\"text-align: justify;\"><span style=\"font-size: 14pt;\">** El Inces Aragua de la mano del pueblo trabajador contin\u00faa la certificaci\u00f3n de saberes<\/span><!--more--><\/p>\n<p>&nbsp;<\/p>\n<p style=\"text-align: justify;\"><span style=\"font-size: 14pt;\"><b>NINOSKA PATRIZ<\/b><\/span><\/p>\n<p style=\"text-align: justify;\"><span style=\"font-size: 14pt;\">Atendiendo al cumplimiento de las l\u00edneas estrat\u00e9gicas del presidente de la Rep\u00fablica Nicol\u00e1s Maduro, la ministra de Educaci\u00f3n, Yelitza Santaella, el titular del Inces Wuikelman Angel Paredes y el gerente regional del Inces Aragua, Oliver Medina, en funci\u00f3n del desarrollo productivo de la naci\u00f3n se realiz\u00f3 una jornada de trabajo desde la Sede de Alimentos Kellogg\u2019s.<\/span><\/p>\n<p>&nbsp;<\/p>\n<p style=\"text-align: justify;\"><span style=\"font-size: 14pt;\">En este sentido la Unidad de Educaci\u00f3n de Adultos y Adultas procur\u00f3 las certificaciones correspondientes a 30 trabajadores del \u00e1rea administrativa, espec\u00edficamente en: Asistente Administrativo, Auxiliar Contable, Archivista, Ambiente Window, Excel y Recepcionista, entre otros.<\/span><\/p>\n<p>&nbsp;<\/p>\n<p style=\"text-align: justify;\"><span style=\"font-size: 14pt;\">Para esta ocasi\u00f3n, tambi\u00e9n acompa\u00f1\u00f3 el desarrollo de la actividad el profesor Orlando Polo. \u00abEstamos aqu\u00ed para apoyar el crecimiento integral de los trabajadores, mediante el reconocimiento de los saberes emp\u00edricos que la experiencia de vida les ha dado\u00bb, aclar\u00f3.<\/span><\/p>\n<p>&nbsp;<\/p>\n<p style=\"text-align: justify;\"><span style=\"font-size: 14pt;\">Este proceso es de vital importancia, pues permite la valoraci\u00f3n de las habilidades adquiridas con los a\u00f1os, siendo una forma de apalancar futuros emprendimientos y mejoras en la calidad de vida de los empleados.<\/span><\/p>\n<p>&nbsp;<\/p>\n<p style=\"text-align: justify;\"><span style=\"font-size: 14pt;\">\u00abDesde el Inces seguimos apostando a la formaci\u00f3n dentro de los 16 motores establecidos por el Ejecutivo Nacional\u00bb, expres\u00f3 para finalizar la entrevista, la jefa de la Unidad, Sorangel Blanco, al tiempo que agradeci\u00f3 la atenci\u00f3n prestada por Argenis Salazar, gerente de Recursos Humanos de Alimentos Kellogg&#8217;s.<\/span><\/p>\n<p style=\"text-align: justify;\" align=\"justify\">\n","protected":false},"excerpt":{"rendered":"<p>** El Inces Aragua de la mano del pueblo trabajador contin\u00faa la certificaci\u00f3n de saberes<\/p>\n","protected":false},"author":4,"featured_media":40773,"comment_status":"closed","ping_status":"closed","sticky":false,"template":"","format":"standard","meta":{"footnotes":""},"categories":[2],"tags":[],"class_list":["post-40772","post","type-post","status-publish","format-standard","has-post-thumbnail","hentry","category-blog"],"_links":{"self":[{"href":"https:\/\/inces.gob.ve\/index.php\/wp-json\/wp\/v2\/posts\/40772","targetHints":{"allow":["GET"]}}],"collection":[{"href":"https:\/\/inces.gob.ve\/index.php\/wp-json\/wp\/v2\/posts"}],"about":[{"href":"https:\/\/inces.gob.ve\/index.php\/wp-json\/wp\/v2\/types\/post"}],"author":[{"embeddable":true,"href":"https:\/\/inces.gob.ve\/index.php\/wp-json\/wp\/v2\/users\/4"}],"replies":[{"embeddable":true,"href":"https:\/\/inces.gob.ve\/index.php\/wp-json\/wp\/v2\/comments?post=40772"}],"version-history":[{"count":1,"href":"https:\/\/inces.gob.ve\/index.php\/wp-json\/wp\/v2\/posts\/40772\/revisions"}],"predecessor-version":[{"id":40774,"href":"https:\/\/inces.gob.ve\/index.php\/wp-json\/wp\/v2\/posts\/40772\/revisions\/40774"}],"wp:featuredmedia":[{"embeddable":true,"href":"https:\/\/inces.gob.ve\/index.php\/wp-json\/wp\/v2\/media\/40773"}],"wp:attachment":[{"href":"https:\/\/inces.gob.ve\/index.php\/wp-json\/wp\/v2\/media?parent=40772"}],"wp:term":[{"taxonomy":"category","embeddable":true,"href":"https:\/\/inces.gob.ve\/index.php\/wp-json\/wp\/v2\/categories?post=40772"},{"taxonomy":"post_tag","embeddable":true,"href":"https:\/\/inces.gob.ve\/index.php\/wp-json\/wp\/v2\/tags?post=40772"}],"curies":[{"name":"wp","href":"https:\/\/api.w.org\/{rel}","templated":true}]}}