{"id":40778,"date":"2021-11-29T08:36:32","date_gmt":"2021-11-29T12:36:32","guid":{"rendered":"https:\/\/inces.gob.ve\/?p=40778"},"modified":"2021-11-29T08:36:32","modified_gmt":"2021-11-29T12:36:32","slug":"falcon-viceministro-de-habitat-y-vivienda-resalto-importancia-de-la-certificacion-inces-para-nuevos-emprendedores","status":"publish","type":"post","link":"https:\/\/inces.gob.ve\/index.php\/2021\/11\/29\/falcon-viceministro-de-habitat-y-vivienda-resalto-importancia-de-la-certificacion-inces-para-nuevos-emprendedores\/","title":{"rendered":"FALCON |   Viceministro de H\u00e1bitat y Vivienda resalt\u00f3 importancia de la certificaci\u00f3n Inces para nuevos emprendedores"},"content":{"rendered":"<div id=\":om\">\n<div dir=\"ltr\">\n<div>\n<h2 style=\"text-align: justify;\" align=\"center\"><span style=\"font-size: 14pt;\"><em>**En la actividad S\u00e1bado Tricolor desarrollada en el urbanismo Hugo Ch\u00e1vez, en Coro, se entregaron certificaciones de saberes<\/em><!--more--><\/span><\/h2>\n<p style=\"text-align: justify;\">\n<p style=\"text-align: justify;\"><span lang=\"ES\" style=\"font-size: 14pt;\"><strong>MIRIAM GONZ\u00c1LEZ VILLARROEL<\/strong><br \/>\n<\/span><\/p>\n<p style=\"text-align: justify;\"><span style=\"font-size: 14pt;\">Como parte de las actividades de rehabilitaci\u00f3n de los\u00a0 nuevos espacios en zonas vulnerables del pa\u00eds y de la regi\u00f3n, la Gran Misi\u00f3n Barrio Nuevo Barrio Tricolor (Gmbnbt) viene desarrollando el Plan \u201cS\u00e1bado Tricolor\u201d, que este fin de semana correspondi\u00f3 al urbanismo \u201cHugo Ch\u00e1vez\u201d en la ciudad de Coro y cont\u00f3 con la visita G\/B Efra\u00edn S\u00e1nchez, Viceministro de H\u00e1bitat y Vivienda.<\/span><\/p>\n<p style=\"text-align: justify;\">\n<p style=\"text-align: justify;\"><span style=\"font-size: 14pt;\">En la actividad con motivo del S\u00e1bado Tricolor, participaron las Misiones: Vivienda, Nevado, Barrio Adentro Salud, Alimentaci\u00f3n, \u00c1rbol, Movimiento Somos Venezuela; adem\u00e1s, de las instituciones Construpatr\u00eda, Corpoelec, Secretar\u00eda de Salud y el Instituto Nacional de Capacitaci\u00f3n y Educaci\u00f3n Socialista (Inces), instituci\u00f3n, que viene trabajando de forma articulada con la Gmbnbt en cuanto a la Formaci\u00f3n Profesional de ocupaciones formativas y certificaci\u00f3n de saberes en funci\u00f3n de las actividades que se desarrollan en las comunidades.<\/span><\/p>\n<p>&nbsp;<\/p>\n<p style=\"text-align: justify;\"><span style=\"font-size: 14pt;\">Fue propicia la ocasi\u00f3n para que el viceministro Efra\u00edn S\u00e1nchez durante su visita, acompa\u00f1ado por el equipo de trabajo de la Gerencia Regional del Inces y l\u00edderes populares, entregaran 14 acreditaciones a personas de la comunidad en: Reposter\u00eda, Corte y Costura, Barber\u00eda, Pasapalos y Dulcer\u00eda Criolla. Tambi\u00e9n es importante resaltar, el trabajo incondicional realizado por la Brigada de Barber\u00eda del Inces, atendi\u00f3, con cortes de cabellos a 25 personas entre, ni\u00f1os, adolescentes, j\u00f3venes de la comunidad y personas con capacidades especiales; asimismo, la Brigada de Herrer\u00eda, intervino en la realizaci\u00f3n y montaje del parque infantil del urbanismo.<\/span><\/p>\n<p>&nbsp;<\/p>\n<p style=\"text-align: justify;\"><span style=\"font-size: 14pt;\">Puntualiz\u00f3 el viceministro Efra\u00edn S\u00e1nchez, como el Inces va cumpliendo con las directrices emanadas por el presidente Nicol\u00e1s Maduro Moros, desde que se realiz\u00f3 el lanzamiento del registro de los emprendedores del pa\u00eds a trav\u00e9s de la p\u00e1gina patria; el Inces, viene cumpliendo con la acreditaci\u00f3n de saberes de estos emprendedores para garantizar una ejecuci\u00f3n efectiva de los objetivos del emprendimiento en Venezuela.<\/span><\/p>\n<p>&nbsp;<\/p>\n<p style=\"text-align: justify;\"><span style=\"font-size: 14pt;\">\u201cAplaudo el trabajo destacado del Inces\u201d coment\u00f3 S\u00e1nchez, se har\u00e1n las vinculaciones pertinentes con el Inces Sede para que este trabajo sea replicado a nivel nacional. Resalt\u00f3, el Inces es un ejemplo a seguir por todas las instituciones del pa\u00eds; \u201cesa es la verdadera inclusi\u00f3n a todos los venezolanos, cortando cabello de forma gratuita a nuestros chamos y certificando a los padres de los j\u00f3venes para lograr con el emprendimiento, costear sus necesidades familiares y comunitarias\u201d, acot\u00f3.<\/span><\/p>\n<p>&nbsp;<\/p>\n<p style=\"text-align: justify;\"><span style=\"font-size: 14pt;\">Finalmente, el equipo del Inces en funci\u00f3n del reconocimiento de saberes le regalaron una torta al viceministro Efra\u00edn S\u00e1nchez por estar de cumplea\u00f1os.<\/span><\/p>\n<\/div>\n<\/div>\n<\/div>\n","protected":false},"excerpt":{"rendered":"<p>**En la actividad S\u00e1bado Tricolor desarrollada en el urbanismo Hugo Ch\u00e1vez, en Coro, se entregaron certificaciones de saberes<\/p>\n","protected":false},"author":4,"featured_media":40779,"comment_status":"closed","ping_status":"closed","sticky":false,"template":"","format":"standard","meta":{"footnotes":""},"categories":[2],"tags":[],"class_list":["post-40778","post","type-post","status-publish","format-standard","has-post-thumbnail","hentry","category-blog"],"_links":{"self":[{"href":"https:\/\/inces.gob.ve\/index.php\/wp-json\/wp\/v2\/posts\/40778","targetHints":{"allow":["GET"]}}],"collection":[{"href":"https:\/\/inces.gob.ve\/index.php\/wp-json\/wp\/v2\/posts"}],"about":[{"href":"https:\/\/inces.gob.ve\/index.php\/wp-json\/wp\/v2\/types\/post"}],"author":[{"embeddable":true,"href":"https:\/\/inces.gob.ve\/index.php\/wp-json\/wp\/v2\/users\/4"}],"replies":[{"embeddable":true,"href":"https:\/\/inces.gob.ve\/index.php\/wp-json\/wp\/v2\/comments?post=40778"}],"version-history":[{"count":1,"href":"https:\/\/inces.gob.ve\/index.php\/wp-json\/wp\/v2\/posts\/40778\/revisions"}],"predecessor-version":[{"id":40780,"href":"https:\/\/inces.gob.ve\/index.php\/wp-json\/wp\/v2\/posts\/40778\/revisions\/40780"}],"wp:featuredmedia":[{"embeddable":true,"href":"https:\/\/inces.gob.ve\/index.php\/wp-json\/wp\/v2\/media\/40779"}],"wp:attachment":[{"href":"https:\/\/inces.gob.ve\/index.php\/wp-json\/wp\/v2\/media?parent=40778"}],"wp:term":[{"taxonomy":"category","embeddable":true,"href":"https:\/\/inces.gob.ve\/index.php\/wp-json\/wp\/v2\/categories?post=40778"},{"taxonomy":"post_tag","embeddable":true,"href":"https:\/\/inces.gob.ve\/index.php\/wp-json\/wp\/v2\/tags?post=40778"}],"curies":[{"name":"wp","href":"https:\/\/api.w.org\/{rel}","templated":true}]}}