{"id":40782,"date":"2021-11-29T13:29:48","date_gmt":"2021-11-29T17:29:48","guid":{"rendered":"https:\/\/inces.gob.ve\/?p=40782"},"modified":"2022-08-11T12:56:36","modified_gmt":"2022-08-11T16:56:36","slug":"presidente-del-inces-expone-las-4-lineas-estrategicas-que-regiran-a-la-institucion-en-2022","status":"publish","type":"post","link":"https:\/\/inces.gob.ve\/index.php\/2021\/11\/29\/presidente-del-inces-expone-las-4-lineas-estrategicas-que-regiran-a-la-institucion-en-2022\/","title":{"rendered":"Presidente del Inces expone las 4 l\u00edneas estrat\u00e9gicas que regir\u00e1n a la instituci\u00f3n en 2022"},"content":{"rendered":"<p style=\"text-align: justify; padding-left: 40px;\"><span style=\"font-size: 14pt;\"><em><strong>** Desde el 2015 se trabaja en la mejora de los procesos formativos, administrativos y tributarios<\/strong><\/em><!--more--><\/span><\/p>\n<p>&nbsp;<\/p>\n<p style=\"text-align: justify;\"><strong><span style=\"font-size: 14pt;\">LONGINA TOVAR<\/span><\/strong><\/p>\n<p style=\"text-align: justify;\"><span style=\"font-size: 14pt;\">El presidente del Instituto Nacional de Capacitaci\u00f3n y Educaci\u00f3n Socialista (Inces), Wuikelman Angel, se reuni\u00f3 de manera telem\u00e1tica con todos los gerentes regionales, jefes de Formaci\u00f3n, jefes de Centro, maestros, personal administrativo y periodistas para orientar las cuatro l\u00edneas estrat\u00e9gicas que ser\u00e1n la gu\u00eda metodol\u00f3gica para la gesti\u00f3n Inces 2022.<\/span><\/p>\n<p>&nbsp;<\/p>\n<p style=\"text-align: justify;\"><span style=\"font-size: 14pt;\">Transformaci\u00f3n curricular, Matriz Program\u00e1tica, Transformaci\u00f3n Digital y Formar Produciendo, Producir Formando son las cuatro aristas de las cuales se deben desprender todas las acciones planificadas y ejecutadas para el venidero 2022, indic\u00f3 el titular de la instituci\u00f3n.<\/span><\/p>\n<p>&nbsp;<\/p>\n<p style=\"text-align: justify;\"><span style=\"font-size: 14pt;\">Angel explic\u00f3 que \u201ca partir de este momento comenzamos a trabajar con base en la matriz program\u00e1tica que venimos dise\u00f1ando en colectivo desde el a\u00f1o 2015. Tenemos que comenzar a planificar pensando que nuestro \u00e1mbito de formaci\u00f3n trasciende los centros de formaci\u00f3n; vamos a pensar en los espacios donde se necesita de la acci\u00f3n concreta del Inces: entidades de trabajo, comunas, centros penitenciarios, unidades educativas, etc.\u201d.<\/span><\/p>\n<p>&nbsp;<\/p>\n<p style=\"text-align: justify;\"><span style=\"font-size: 14pt;\">En cuanto a la transformaci\u00f3n curricular, ahond\u00f3 Angel en la evoluci\u00f3n metodol\u00f3gica que ha permitido a la instituci\u00f3n superar los dise\u00f1os instruccionales y salidas ocupacionales para trabajar de manera integral y colectiva con Unidades Curriculares que permitan la construcci\u00f3n de perfiles productivos y dar as\u00ed cumplimiento a la metodolog\u00eda de proyecto, lo cual es para el Inces un PFAP (Programa de Formaci\u00f3n y Autoformaci\u00f3n Productiva).<\/span><\/p>\n<p>&nbsp;<\/p>\n<p style=\"text-align: justify;\"><span style=\"font-size: 14pt;\">En lo que respecta al lema de la instituci\u00f3n y ahora nueva l\u00ednea estrat\u00e9gica Formar produciendo; Producir formando, Angel asever\u00f3 que los centros de formaci\u00f3n cuentan con capacidad instalada pero sobre todo con el talento humano que puede permitir a la instituci\u00f3n producir desde lo formativo, es decir, hacer que el Inces sea capaz de generar ingresos que beneficien a las comunidades y al centro de formaci\u00f3n mismo, un plan de autogesti\u00f3n que permita enriquecer la formaci\u00f3n a trav\u00e9s del hacer y contribuir con la producci\u00f3n territorial de acuerdo a las necesidades propias de cada rinc\u00f3n de la patria.<\/span><\/p>\n<p>&nbsp;<\/p>\n<p style=\"text-align: justify;\"><span style=\"font-size: 14pt;\">A juicio del presidente, la transformaci\u00f3n digital del Inces debe ser otra realidad sobre la cual ya se viene trabajando, pero que debe concretarse en su totalidad para el 2022. Este aspecto se refiere a la digitalizaci\u00f3n de la formaci\u00f3n, gracias al Campus Virtual del Inces, pero tambi\u00e9n a la automatizaci\u00f3n de todos los procesos administrativos y tributarios que permitan al Inces rendir cuentas respecto al cumplimiento o no de las entidades de trabajo en lo que respecta a la obligaci\u00f3n tributaria que tienen para con la instituci\u00f3n seg\u00fan lo establecido en la ley.<\/span><\/p>\n<p>&nbsp;<\/p>\n<p><span style=\"font-size: 14pt;\">.<\/span><\/p>\n<p style=\"text-align: justify;\"><span style=\"font-size: 14pt;\">Angel indic\u00f3 que hay otros aspectos en los que tambi\u00e9n se debe continuar trabajando que son la creaci\u00f3n de un subsistema de formaci\u00f3n t\u00e9cnica profesional que est\u00e9 subordinado al sistema educativo nacional y la internacionalizaci\u00f3n de Inces. Respecto a este \u00faltimo punto, insisti\u00f3 en que se adelanta un trabajo importante que se est\u00e1 retomando con mucha fuerza y que pronto comenzar\u00e1n a verse sus frutos.<\/span><\/p>\n<p>&nbsp;<\/p>\n<p style=\"text-align: justify;\"><span style=\"font-size: 14pt;\">Ocupado en lo que respecta a los golpes que la oposici\u00f3n venezolana ha dado al ingreso de todos los servidores p\u00fablicos, Angel se sinti\u00f3 confiado al expresar que se est\u00e1 trabajando en un mecanismo que permita de manera progresiva hacer que todos los trabajadores del Inces recuperen su capacidad de adquisici\u00f3n y valor\u00f3 el alto compromiso que tiene la mayor\u00eda de los trabajadores quienes, a pesar de los pocos ingresos y la desavenencia de la pandemia, han continuado su labor para garantizar la formaci\u00f3n t\u00e9cnica profesional.<\/span><\/p>\n<p>&nbsp;<\/p>\n<p style=\"text-align: justify;\"><span style=\"font-size: 14pt;\">Acompa\u00f1aron a Angel durante la reuni\u00f3n la secretaria nacional del Consejo de Gesti\u00f3n Regional, Nielcy Cabrera y el director estrat\u00e9gico de Formaci\u00f3n y Autoformaci\u00f3n, Guyen Soto.<\/span><\/p>\n<p>&nbsp;<\/p>\n<p style=\"text-align: justify;\"><span style=\"font-size: 14pt;\">El pr\u00f3ximo mi\u00e9rcoles se realizar\u00e1 un Consejo de Gesti\u00f3n Regional presencial, espacio en el que se espera continuar profundizando en el tema, con mayor atenci\u00f3n en la planificaci\u00f3n 2022, con base en la nueva Matriz Program\u00e1tica.<\/span><\/p>\n","protected":false},"excerpt":{"rendered":"<p>** Desde el 2015 se trabaja en la mejora de los procesos formativos, administrativos y tributarios<\/p>\n","protected":false},"author":4,"featured_media":40785,"comment_status":"closed","ping_status":"closed","sticky":false,"template":"","format":"standard","meta":{"footnotes":""},"categories":[2],"tags":[],"class_list":["post-40782","post","type-post","status-publish","format-standard","has-post-thumbnail","hentry","category-blog"],"_links":{"self":[{"href":"https:\/\/inces.gob.ve\/index.php\/wp-json\/wp\/v2\/posts\/40782","targetHints":{"allow":["GET"]}}],"collection":[{"href":"https:\/\/inces.gob.ve\/index.php\/wp-json\/wp\/v2\/posts"}],"about":[{"href":"https:\/\/inces.gob.ve\/index.php\/wp-json\/wp\/v2\/types\/post"}],"author":[{"embeddable":true,"href":"https:\/\/inces.gob.ve\/index.php\/wp-json\/wp\/v2\/users\/4"}],"replies":[{"embeddable":true,"href":"https:\/\/inces.gob.ve\/index.php\/wp-json\/wp\/v2\/comments?post=40782"}],"version-history":[{"count":4,"href":"https:\/\/inces.gob.ve\/index.php\/wp-json\/wp\/v2\/posts\/40782\/revisions"}],"predecessor-version":[{"id":44442,"href":"https:\/\/inces.gob.ve\/index.php\/wp-json\/wp\/v2\/posts\/40782\/revisions\/44442"}],"wp:featuredmedia":[{"embeddable":true,"href":"https:\/\/inces.gob.ve\/index.php\/wp-json\/wp\/v2\/media\/40785"}],"wp:attachment":[{"href":"https:\/\/inces.gob.ve\/index.php\/wp-json\/wp\/v2\/media?parent=40782"}],"wp:term":[{"taxonomy":"category","embeddable":true,"href":"https:\/\/inces.gob.ve\/index.php\/wp-json\/wp\/v2\/categories?post=40782"},{"taxonomy":"post_tag","embeddable":true,"href":"https:\/\/inces.gob.ve\/index.php\/wp-json\/wp\/v2\/tags?post=40782"}],"curies":[{"name":"wp","href":"https:\/\/api.w.org\/{rel}","templated":true}]}}