{"id":40804,"date":"2021-11-30T11:28:01","date_gmt":"2021-11-30T15:28:01","guid":{"rendered":"https:\/\/inces.gob.ve\/?p=40804"},"modified":"2021-11-30T11:28:01","modified_gmt":"2021-11-30T15:28:01","slug":"trujillo-el-inces-debe-vincular-su-accionar-con-las-comunidades-y-autoridades","status":"publish","type":"post","link":"https:\/\/inces.gob.ve\/index.php\/2021\/11\/30\/trujillo-el-inces-debe-vincular-su-accionar-con-las-comunidades-y-autoridades\/","title":{"rendered":"TRUJILLO | El Inces debe vincular su accionar con las comunidades y autoridades"},"content":{"rendered":"<p style=\"text-align: justify;\" align=\"justify\"><span style=\"font-family: Liberation Sans Narrow, sans-serif; font-size: 14pt;\"><i><b><span style=\"color: #000000;\">** <\/span>Wuikelman \u00c1ngel Paredes recalc\u00f3 que la exigencia en este punto es relevante pues la mejor respuesta a nuestras comunidades es la de formar vinculado a sus reales necesidades, acerc\u00e1ndonos a nuestros distintos niveles educativos, ofreciendo una educaci\u00f3n adaptada a los nuevos tiempos, donde incluso podamos atender al sector de emprendedores<\/b><\/i><\/span><!--more--><\/p>\n<p style=\"text-align: justify;\" align=\"justify\"><span style=\"font-family: Liberation Sans Narrow, sans-serif; font-size: 14pt;\"><b>MAR\u00cdA CABRERA<\/b><\/span><\/p>\n<p style=\"text-align: justify;\" align=\"justify\"><span style=\"font-size: 14pt;\">\u201c<span style=\"font-family: Liberation Sans Narrow, sans-serif;\">Han habido cambios dentro de los organismos y particularmente dentro del Inces, pero tenemos como sagrada misi\u00f3n abordar el hecho social, es construir colectivamente y ahora m\u00e1s que nunca de la mano de los alcaldes y gobernadores electos de manera de conocer y coincidir profundamente en ese proceso de transformaci\u00f3n\u201d, dijo Wuikelman \u00c1ngel Paredes.<\/span><\/span><\/p>\n<p align=\"justify\">\n<p style=\"text-align: justify;\" align=\"justify\"><span style=\"font-family: Liberation Sans Narrow, sans-serif; font-size: 14pt;\">\u00c1ngel Paredes hizo esta afirmaci\u00f3n en ocasi\u00f3n de una video conferencia organizada desde Inces-Sede a la cual asistieron los gerentes regionales, maestros t\u00e9cnicos productivos, coordinadores de las Unidades Educativas Inces, comunicadores sociales, jefes de Centros de Formaci\u00f3n Socialista y jefes de Programas donde se plantearon algunas directrices que perfilar\u00e1n la nueva gesti\u00f3n fiscal del a\u00f1o 2022.<\/span><\/p>\n<p align=\"justify\">\n<p style=\"text-align: justify;\" align=\"justify\"><span style=\"font-family: Liberation Sans Narrow, sans-serif; font-size: 14pt;\">Seg\u00fan el presidente del Inces \u201cla mejor manera de afrontar el hecho social, atinente al aspecto educativo, es hacerlo en conjunto, con profundidad y por ello se est\u00e1 efectuando un esfuerzo supremo en trabajar con una malla curricular nueva, que incluso, ya tiene una enfoque publicitario y comunicacional que pronto se difundir\u00e1 y dejar\u00e1 la antigua que data de los a\u00f1os 80.<\/span><\/p>\n<p align=\"justify\">\n<p style=\"text-align: justify;\" align=\"justify\"><span style=\"font-size: 14pt;\">\u201c<span style=\"font-family: Liberation Sans Narrow, sans-serif;\">En el caso particular del Inces, desde adentro nos enfocamos en cuatro aspectos concretos: el Proceso de Transformaci\u00f3n Curricular, la Matriz Program\u00e1tica, Proceso de Transformaci\u00f3n Digital y Formar Produciendo y Producir Formando. He ordenado que el segundo aspecto, es decir, la Matriz Program\u00e1tica ocupe el 60% de atenci\u00f3n de las Gerencias Regionales y del equipo que me acompa\u00f1a de forma de asumir los retos planteados\u201d, dijo.<\/span><\/span><\/p>\n<p align=\"justify\">\n<p style=\"text-align: justify;\" align=\"justify\"><span style=\"font-family: Liberation Sans Narrow, sans-serif; font-size: 14pt;\">Wuikelman \u00c1ngel Paredes recalc\u00f3 que la exigencia en este punto es relevante pues la mejor respuesta a nuestras comunidades es la de formar vinculando al Inces a las reales necesidades del pa\u00eds, acerc\u00e1ndonos a nuestros distintos niveles educativos, ofreciendo una educaci\u00f3n adaptada a los nuevos tiempos, donde incluso, podamos atender al sector de emprendedores.<\/span><\/p>\n<p align=\"justify\">\n<p style=\"text-align: justify;\" align=\"justify\"><span style=\"font-size: 14pt;\">\u201c<span style=\"font-family: Liberation Sans Narrow, sans-serif;\">Los otros dos puntos: Transformaci\u00f3n Curricular y Transformaci\u00f3n Digital asumen el otro 40% sin descuidar ning\u00fan aspecto; estoy claro que, sin una plataforma digital robusta, que sirva, no podremos dar la respuesta que queremos, por eso en ese camino vamos conquistando avances y cambios\u201d, enfatiz\u00f3 Angel.<\/span><\/span><\/p>\n<p align=\"justify\">\n<p style=\"text-align: justify;\" align=\"justify\"><span style=\"font-family: Liberation Sans Narrow, sans-serif; font-size: 14pt;\">El presidente del Inces manifest\u00f3 que ese movimiento nacional resistente a estas alternancias debe vencerse \u201cpara ello debemos considerar los saberes de las comunidades, de las personas, no ignorarlos. Las ofertas formativas del 2022 deben responder a la din\u00e1mica de lo que espera y aspira la gente, por ello el censo, el acercamiento con la gente de las comunas y en sectores priorizados deben apreciarse.\u201d<\/span><\/p>\n<p align=\"justify\">\n<p style=\"text-align: justify;\" align=\"justify\"><span style=\"font-family: Liberation Sans Narrow, sans-serif; font-size: 14pt;\">El alto funcionario fue insistente en los retos que demanda la sociedad venezolana considerando su batalla social y diplom\u00e1tica actual, y en la necesidad de ubicar y valorar al Inces dentro del sistema educativo nacional como un ente formador que perfila el futuro de los j\u00f3venes que seleccionan esta opci\u00f3n convencidos del aporte y beneficios que promueven a la familia.<\/span><\/p>\n<p style=\"text-align: justify;\" align=\"justify\">\n","protected":false},"excerpt":{"rendered":"<p>** Wuikelman \u00c1ngel Paredes recalc\u00f3 que la exigencia en este punto es relevante pues la mejor respuesta a nuestras comunidades es la de formar vinculado a sus reales necesidades, acerc\u00e1ndonos a nuestros distintos niveles educativos, ofreciendo una educaci\u00f3n adaptada a los nuevos tiempos, donde incluso podamos atender al sector de emprendedores<\/p>\n","protected":false},"author":4,"featured_media":40805,"comment_status":"closed","ping_status":"closed","sticky":false,"template":"","format":"standard","meta":{"footnotes":""},"categories":[2],"tags":[],"class_list":["post-40804","post","type-post","status-publish","format-standard","has-post-thumbnail","hentry","category-blog"],"_links":{"self":[{"href":"https:\/\/inces.gob.ve\/index.php\/wp-json\/wp\/v2\/posts\/40804","targetHints":{"allow":["GET"]}}],"collection":[{"href":"https:\/\/inces.gob.ve\/index.php\/wp-json\/wp\/v2\/posts"}],"about":[{"href":"https:\/\/inces.gob.ve\/index.php\/wp-json\/wp\/v2\/types\/post"}],"author":[{"embeddable":true,"href":"https:\/\/inces.gob.ve\/index.php\/wp-json\/wp\/v2\/users\/4"}],"replies":[{"embeddable":true,"href":"https:\/\/inces.gob.ve\/index.php\/wp-json\/wp\/v2\/comments?post=40804"}],"version-history":[{"count":1,"href":"https:\/\/inces.gob.ve\/index.php\/wp-json\/wp\/v2\/posts\/40804\/revisions"}],"predecessor-version":[{"id":40806,"href":"https:\/\/inces.gob.ve\/index.php\/wp-json\/wp\/v2\/posts\/40804\/revisions\/40806"}],"wp:featuredmedia":[{"embeddable":true,"href":"https:\/\/inces.gob.ve\/index.php\/wp-json\/wp\/v2\/media\/40805"}],"wp:attachment":[{"href":"https:\/\/inces.gob.ve\/index.php\/wp-json\/wp\/v2\/media?parent=40804"}],"wp:term":[{"taxonomy":"category","embeddable":true,"href":"https:\/\/inces.gob.ve\/index.php\/wp-json\/wp\/v2\/categories?post=40804"},{"taxonomy":"post_tag","embeddable":true,"href":"https:\/\/inces.gob.ve\/index.php\/wp-json\/wp\/v2\/tags?post=40804"}],"curies":[{"name":"wp","href":"https:\/\/api.w.org\/{rel}","templated":true}]}}