{"id":40812,"date":"2021-12-01T13:02:21","date_gmt":"2021-12-01T17:02:21","guid":{"rendered":"https:\/\/inces.gob.ve\/?p=40812"},"modified":"2021-12-01T14:04:08","modified_gmt":"2021-12-01T18:04:08","slug":"agenda-2022-es-analizada-en-consejo-de-gestion-regional-del-inces","status":"publish","type":"post","link":"https:\/\/inces.gob.ve\/index.php\/2021\/12\/01\/agenda-2022-es-analizada-en-consejo-de-gestion-regional-del-inces\/","title":{"rendered":"Agenda 2022 es analizada en Consejo de Gesti\u00f3n Regional del Inces"},"content":{"rendered":"<p style=\"text-align: justify;\"><span style=\"font-size: 14pt;\">** La agenda 2022 comprende cuatro v\u00e9rtices a desarrollar principalmente en las comunidades<!--more--><\/span><\/p>\n<p>&nbsp;<\/p>\n<p><span style=\"font-size: 14pt;\"><strong>T\/F LUIS J. GONZ\u00c1LEZ C.<\/strong><\/span><\/p>\n<div dir=\"auto\" style=\"text-align: justify;\"><span style=\"font-size: 14pt;\">Con la presencia de los 24 gerentes generales regionales del Inces se realiz\u00f3 este martes el tercer Consejo de Gesti\u00f3n Regional cuya agenda de trabajo principal es analizar los cuatro v\u00e9rtices principales que regir\u00e1n la instituci\u00f3n en el venidero a\u00f1o 2022.\u00a0<\/span><\/div>\n<div dir=\"auto\"><\/div>\n<div dir=\"auto\"><\/div>\n<div dir=\"auto\"><img loading=\"lazy\" decoding=\"async\" class=\"size-large wp-image-40815 aligncenter\" src=\"https:\/\/inces.gob.ve\/wp-content\/uploads\/2021\/12\/MG_2894-1024x683.jpg\" alt=\"\" width=\"640\" height=\"427\" srcset=\"https:\/\/inces.gob.ve\/wp-content\/uploads\/2021\/12\/MG_2894-1024x683.jpg 1024w, https:\/\/inces.gob.ve\/wp-content\/uploads\/2021\/12\/MG_2894-300x200.jpg 300w, https:\/\/inces.gob.ve\/wp-content\/uploads\/2021\/12\/MG_2894-768x512.jpg 768w, https:\/\/inces.gob.ve\/wp-content\/uploads\/2021\/12\/MG_2894-1536x1024.jpg 1536w, https:\/\/inces.gob.ve\/wp-content\/uploads\/2021\/12\/MG_2894-2048x1365.jpg 2048w, https:\/\/inces.gob.ve\/wp-content\/uploads\/2021\/12\/MG_2894-272x182.jpg 272w\" sizes=\"auto, (max-width: 640px) 100vw, 640px\" \/><\/div>\n<div dir=\"auto\"><\/div>\n<div dir=\"auto\" style=\"text-align: justify;\"><\/div>\n<div dir=\"auto\" style=\"text-align: justify;\"><span style=\"font-size: 14pt;\">El acto fue liderado por el presidente del Inces, Wuikelman Angel, quien se\u00f1al\u00f3 que los cuatro v\u00e9rtices son la consecuencia de un trabajo reflexivo por parte del equipo institucional, los cuales ser\u00e1n las l\u00edneas principales a desarrollar en cada regi\u00f3n de acuerdo a su realidad y necesidades formativas.<\/span><\/div>\n<div dir=\"auto\"><\/div>\n<div dir=\"auto\"><\/div>\n<div dir=\"auto\" style=\"text-align: justify;\"><img loading=\"lazy\" decoding=\"async\" class=\"size-large wp-image-40813 aligncenter\" src=\"https:\/\/inces.gob.ve\/wp-content\/uploads\/2021\/12\/MG_2891-1024x683.jpg\" alt=\"\" width=\"640\" height=\"427\" srcset=\"https:\/\/inces.gob.ve\/wp-content\/uploads\/2021\/12\/MG_2891-1024x683.jpg 1024w, https:\/\/inces.gob.ve\/wp-content\/uploads\/2021\/12\/MG_2891-300x200.jpg 300w, https:\/\/inces.gob.ve\/wp-content\/uploads\/2021\/12\/MG_2891-768x512.jpg 768w, https:\/\/inces.gob.ve\/wp-content\/uploads\/2021\/12\/MG_2891-1536x1024.jpg 1536w, https:\/\/inces.gob.ve\/wp-content\/uploads\/2021\/12\/MG_2891-2048x1365.jpg 2048w, https:\/\/inces.gob.ve\/wp-content\/uploads\/2021\/12\/MG_2891-272x182.jpg 272w\" sizes=\"auto, (max-width: 640px) 100vw, 640px\" \/><\/div>\n<div dir=\"auto\"><\/div>\n<div dir=\"auto\" style=\"text-align: justify;\"><span style=\"font-size: 14pt;\">En palabras del titular de la instituci\u00f3n educativa, los cuatro v\u00e9rtices pertenecen a un modelo organizado, priorizado, pertinente y adaptado a las exigencias del Gobierno Nacional en materia formativa para trascender a un nuevo modelo econ\u00f3mico no vinculado al rentismo petrolero.<\/span><\/div>\n<div dir=\"auto\"><\/div>\n<div dir=\"auto\" style=\"text-align: justify;\"><\/div>\n<div dir=\"auto\" style=\"text-align: justify;\"><span style=\"font-size: 14pt;\">\u00abLos cuatro v\u00e9rtices en los cuales trabajaremos este 2022 ser\u00e1n la Transformaci\u00f3n Curricular, Matriz Program\u00e1tica, Transformaci\u00f3n Digital y los Centros de Formaci\u00f3n Socialistas Productivos\u00bb indic\u00f3 Angel.\u00a0<\/span><\/div>\n<div dir=\"auto\"><\/div>\n<div dir=\"auto\"><\/div>\n<div dir=\"auto\"><img loading=\"lazy\" decoding=\"async\" class=\"size-large wp-image-40816 aligncenter\" src=\"https:\/\/inces.gob.ve\/wp-content\/uploads\/2021\/12\/MG_2908-1024x683.jpg\" alt=\"\" width=\"640\" height=\"427\" srcset=\"https:\/\/inces.gob.ve\/wp-content\/uploads\/2021\/12\/MG_2908-1024x683.jpg 1024w, https:\/\/inces.gob.ve\/wp-content\/uploads\/2021\/12\/MG_2908-300x200.jpg 300w, https:\/\/inces.gob.ve\/wp-content\/uploads\/2021\/12\/MG_2908-768x512.jpg 768w, https:\/\/inces.gob.ve\/wp-content\/uploads\/2021\/12\/MG_2908-1536x1024.jpg 1536w, https:\/\/inces.gob.ve\/wp-content\/uploads\/2021\/12\/MG_2908-2048x1365.jpg 2048w, https:\/\/inces.gob.ve\/wp-content\/uploads\/2021\/12\/MG_2908-272x182.jpg 272w\" sizes=\"auto, (max-width: 640px) 100vw, 640px\" \/><\/div>\n<div dir=\"auto\" style=\"text-align: justify;\"><\/div>\n<div dir=\"auto\" style=\"text-align: justify;\"><span style=\"font-size: 14pt;\">Durante la reuni\u00f3n se explic\u00f3 a detalle cada uno de ellos, por lo cual el presidente Angel exhort\u00f3 a los gerentes a tener lista la programaci\u00f3n del a\u00f1o venidero antes de culminar el 2021.\u00a0<\/span><\/div>\n<div dir=\"auto\" style=\"text-align: justify;\"><\/div>\n<div dir=\"auto\" style=\"text-align: justify;\"><span style=\"font-size: 14pt;\">\u00a0<\/span><\/div>\n","protected":false},"excerpt":{"rendered":"<p>** La agenda 2022 comprende cuatro v\u00e9rtices a desarrollar principalmente en las comunidades<\/p>\n","protected":false},"author":4,"featured_media":40817,"comment_status":"closed","ping_status":"closed","sticky":false,"template":"","format":"standard","meta":{"footnotes":""},"categories":[2],"tags":[],"class_list":["post-40812","post","type-post","status-publish","format-standard","has-post-thumbnail","hentry","category-blog"],"_links":{"self":[{"href":"https:\/\/inces.gob.ve\/index.php\/wp-json\/wp\/v2\/posts\/40812","targetHints":{"allow":["GET"]}}],"collection":[{"href":"https:\/\/inces.gob.ve\/index.php\/wp-json\/wp\/v2\/posts"}],"about":[{"href":"https:\/\/inces.gob.ve\/index.php\/wp-json\/wp\/v2\/types\/post"}],"author":[{"embeddable":true,"href":"https:\/\/inces.gob.ve\/index.php\/wp-json\/wp\/v2\/users\/4"}],"replies":[{"embeddable":true,"href":"https:\/\/inces.gob.ve\/index.php\/wp-json\/wp\/v2\/comments?post=40812"}],"version-history":[{"count":2,"href":"https:\/\/inces.gob.ve\/index.php\/wp-json\/wp\/v2\/posts\/40812\/revisions"}],"predecessor-version":[{"id":40840,"href":"https:\/\/inces.gob.ve\/index.php\/wp-json\/wp\/v2\/posts\/40812\/revisions\/40840"}],"wp:featuredmedia":[{"embeddable":true,"href":"https:\/\/inces.gob.ve\/index.php\/wp-json\/wp\/v2\/media\/40817"}],"wp:attachment":[{"href":"https:\/\/inces.gob.ve\/index.php\/wp-json\/wp\/v2\/media?parent=40812"}],"wp:term":[{"taxonomy":"category","embeddable":true,"href":"https:\/\/inces.gob.ve\/index.php\/wp-json\/wp\/v2\/categories?post=40812"},{"taxonomy":"post_tag","embeddable":true,"href":"https:\/\/inces.gob.ve\/index.php\/wp-json\/wp\/v2\/tags?post=40812"}],"curies":[{"name":"wp","href":"https:\/\/api.w.org\/{rel}","templated":true}]}}