{"id":40841,"date":"2021-12-01T17:57:27","date_gmt":"2021-12-01T21:57:27","guid":{"rendered":"https:\/\/inces.gob.ve\/?p=40841"},"modified":"2022-09-29T20:32:50","modified_gmt":"2022-09-30T00:32:50","slug":"inces-certifico-a-421-asistentes-de-farmacia","status":"publish","type":"post","link":"https:\/\/inces.gob.ve\/index.php\/2021\/12\/01\/inces-certifico-a-421-asistentes-de-farmacia\/","title":{"rendered":"Inces certific\u00f3 421 Asistentes de Farmacia"},"content":{"rendered":"<p style=\"text-align: justify;\"><em><span style=\"font-family: Liberation Sans Narrow, sans-serif;\"><span style=\"font-size: large;\"><strong>** El SUAF cuenta ahora con personal capacitado y acreditado para la atenci\u00f3n profesional del p\u00fablico<\/strong> <\/span><\/span><\/em><!--more--><\/p>\n<p>&nbsp;<\/p>\n<p style=\"text-align: justify;\"><strong><span style=\"font-family: Liberation Sans Narrow, sans-serif;\"><span style=\"font-size: large;\">JESSICA LUGO.-<br \/>\n<\/span><\/span><\/strong><\/p>\n<p style=\"text-align: justify;\"><span style=\"font-family: Liberation Sans Narrow, sans-serif;\"><span style=\"font-size: large;\">Para celebrar el D\u00eda Mundial del Farmac\u00e9utico, el Instituto Nacional de Capacitaci\u00f3n y Educaci\u00f3n Socialista (Inces) hizo entrega de 421 certificados a los trabajadores del Sistema Unificado de Atenci\u00f3n Farmac\u00e9utica (SUAF), quienes se formaron como Asistentes de Farmacia.<\/span><\/span><\/p>\n<p style=\"text-align: justify;\"><span style=\"font-family: Liberation Sans Narrow, sans-serif;\"><span style=\"font-size: large;\">Farmacia M\u00f3vil, Farmacia Solidaria 2021, Farmacias Caribe, Farma Baruta, Farma Miranda y Guardianes de la Patria fueron algunas de las entidades de trabajo que acudieron al Inces para recibir formaci\u00f3n en el sector farmac\u00e9utico y para certificar los saberes de quienes por experiencia en ejercicio ya ten\u00edan las competencias necesarias para desarrollarse como Asistentes de Farmacia.<\/span><\/span><\/p>\n<p><img loading=\"lazy\" decoding=\"async\" class=\"size-full wp-image-40844 aligncenter\" src=\"https:\/\/inces.gob.ve\/wp-content\/uploads\/2021\/12\/WhatsApp-Image-2021-12-01-at-17.13.00.jpeg\" alt=\"\" width=\"1000\" height=\"750\" srcset=\"https:\/\/inces.gob.ve\/wp-content\/uploads\/2021\/12\/WhatsApp-Image-2021-12-01-at-17.13.00.jpeg 1000w, https:\/\/inces.gob.ve\/wp-content\/uploads\/2021\/12\/WhatsApp-Image-2021-12-01-at-17.13.00-300x225.jpeg 300w, https:\/\/inces.gob.ve\/wp-content\/uploads\/2021\/12\/WhatsApp-Image-2021-12-01-at-17.13.00-768x576.jpeg 768w, https:\/\/inces.gob.ve\/wp-content\/uploads\/2021\/12\/WhatsApp-Image-2021-12-01-at-17.13.00-136x102.jpeg 136w\" sizes=\"auto, (max-width: 1000px) 100vw, 1000px\" \/><\/p>\n<p>&nbsp;<\/p>\n<p style=\"text-align: justify;\"><span style=\"font-family: Liberation Sans Narrow, sans-serif;\"><span style=\"font-size: large;\">En el acto, llevado a cabo en el auditorio de la Academia Militar del Ej\u00e9rcito Bolivariano, el viceministro del Poder Popular para las Comunidades Educativas y Uni\u00f3n con el Pueblo y presidente del Inces, Wuikelma Angel estuvo acompa\u00f1ado por la ministra del Poder Popular para el Comercio Nacional, Dheliz \u00c1lvarez; el Comandante de la Zona Operativa de Defensa Integral Javier Jos\u00e9 Marcano Tabata y el viceministro de pol\u00edticas de Compra y Contenido Nacional, Daniel G\u00f3mez.<\/span><\/span><\/p>\n<p style=\"text-align: justify;\"><span style=\"font-family: Liberation Sans Narrow, sans-serif;\"><span style=\"font-size: large;\">Con respecto a este importante acto de certificaci\u00f3n de saberes Angel indic\u00f3: \u201cAquellos que intentan amedrentarnos con agresiones y que est\u00e1n apostando al desequilibrio, lo que hacen es encontrar la repuesta de nuestro hermoso pueblo que hoy celebra el D\u00eda Mundial del Farmac\u00e9utico desde el compromiso y la pasi\u00f3n\u201d.<\/span><\/span><\/p>\n<p style=\"text-align: justify;\"><span style=\"font-family: Liberation Sans Narrow, sans-serif;\"><span style=\"font-size: large;\">Asimismo, enfatiz\u00f3 que quienes tienen responsabilidades dentro de las instituciones del Estado \u201cnos sentimos profundamente orgullosos de estar acompa\u00f1ando desde el gobierno, y con la voluntad infinita de nuestro presidente Nicol\u00e1s Maduro\u201d, las respuestas de un colectivo que dej\u00f3 de ver la medicina como un negocio para reconocer en ella una necesidad que deb\u00eda ser atendida.<\/span><\/span><\/p>\n<p>&nbsp;<\/p>\n<p style=\"text-align: justify;\"><img loading=\"lazy\" decoding=\"async\" class=\"size-full wp-image-40844 aligncenter\" src=\"https:\/\/inces.gob.ve\/wp-content\/uploads\/2021\/12\/WhatsApp-Image-2021-12-01-at-17.13.00.jpeg\" alt=\"\" width=\"1000\" height=\"750\" srcset=\"https:\/\/inces.gob.ve\/wp-content\/uploads\/2021\/12\/WhatsApp-Image-2021-12-01-at-17.13.00.jpeg 1000w, https:\/\/inces.gob.ve\/wp-content\/uploads\/2021\/12\/WhatsApp-Image-2021-12-01-at-17.13.00-300x225.jpeg 300w, https:\/\/inces.gob.ve\/wp-content\/uploads\/2021\/12\/WhatsApp-Image-2021-12-01-at-17.13.00-768x576.jpeg 768w, https:\/\/inces.gob.ve\/wp-content\/uploads\/2021\/12\/WhatsApp-Image-2021-12-01-at-17.13.00-136x102.jpeg 136w\" sizes=\"auto, (max-width: 1000px) 100vw, 1000px\" \/><\/p>\n<p>&nbsp;<\/p>\n<p style=\"text-align: justify;\"><span style=\"font-family: Liberation Sans Narrow, sans-serif;\"><span style=\"font-size: large;\">Para finalizar Angel reflexion\u00f3 acerca de la misi\u00f3n de un Asistente de Farmacia, y en un ejercicio de imaginaci\u00f3n, invit\u00f3 al auditorio a reconocer la vocaci\u00f3n y compromiso que se debe tener cuando se orienta, desde el conocimiento, a un pueblo que necesita de una medicina para calmar sus dolencias.<\/span><\/span><\/p>\n<p style=\"text-align: justify;\"><span style=\"font-family: Liberation Sans Narrow, sans-serif;\"><span style=\"font-size: large;\">El Inces qued\u00f3 atento a cualquier otra solicitud por parte de las entidades de trabajo para futuras formaciones que tributen al enriquecimiento y fortalecimiento de las farmacias m\u00f3viles que hoy se ven en la Gran Caracas. <\/span><\/span><\/p>\n","protected":false},"excerpt":{"rendered":"<p>** El SUAF cuenta ahora con personal capacitado y acreditado para la atenci\u00f3n profesional del p\u00fablico<\/p>\n","protected":false},"author":4,"featured_media":40843,"comment_status":"closed","ping_status":"closed","sticky":false,"template":"","format":"standard","meta":{"footnotes":""},"categories":[2],"tags":[],"class_list":["post-40841","post","type-post","status-publish","format-standard","has-post-thumbnail","hentry","category-blog"],"_links":{"self":[{"href":"https:\/\/inces.gob.ve\/index.php\/wp-json\/wp\/v2\/posts\/40841","targetHints":{"allow":["GET"]}}],"collection":[{"href":"https:\/\/inces.gob.ve\/index.php\/wp-json\/wp\/v2\/posts"}],"about":[{"href":"https:\/\/inces.gob.ve\/index.php\/wp-json\/wp\/v2\/types\/post"}],"author":[{"embeddable":true,"href":"https:\/\/inces.gob.ve\/index.php\/wp-json\/wp\/v2\/users\/4"}],"replies":[{"embeddable":true,"href":"https:\/\/inces.gob.ve\/index.php\/wp-json\/wp\/v2\/comments?post=40841"}],"version-history":[{"count":6,"href":"https:\/\/inces.gob.ve\/index.php\/wp-json\/wp\/v2\/posts\/40841\/revisions"}],"predecessor-version":[{"id":46716,"href":"https:\/\/inces.gob.ve\/index.php\/wp-json\/wp\/v2\/posts\/40841\/revisions\/46716"}],"wp:featuredmedia":[{"embeddable":true,"href":"https:\/\/inces.gob.ve\/index.php\/wp-json\/wp\/v2\/media\/40843"}],"wp:attachment":[{"href":"https:\/\/inces.gob.ve\/index.php\/wp-json\/wp\/v2\/media?parent=40841"}],"wp:term":[{"taxonomy":"category","embeddable":true,"href":"https:\/\/inces.gob.ve\/index.php\/wp-json\/wp\/v2\/categories?post=40841"},{"taxonomy":"post_tag","embeddable":true,"href":"https:\/\/inces.gob.ve\/index.php\/wp-json\/wp\/v2\/tags?post=40841"}],"curies":[{"name":"wp","href":"https:\/\/api.w.org\/{rel}","templated":true}]}}