{"id":40848,"date":"2021-12-02T14:24:02","date_gmt":"2021-12-02T18:24:02","guid":{"rendered":"https:\/\/inces.gob.ve\/?p=40848"},"modified":"2021-12-02T14:27:29","modified_gmt":"2021-12-02T18:27:29","slug":"inces-participo-en-el-v-congreso-venezolano-de-ciencia-y-tecnologia","status":"publish","type":"post","link":"https:\/\/inces.gob.ve\/index.php\/2021\/12\/02\/inces-participo-en-el-v-congreso-venezolano-de-ciencia-y-tecnologia\/","title":{"rendered":"Inces particip\u00f3 en el V Congreso Venezolano de Ciencia y Tecnolog\u00eda"},"content":{"rendered":"<p style=\"text-align: justify;\"><span style=\"font-size: 18pt;\"><em><strong>** El jueves 2 de diciembre correspondi\u00f3 al panel Educaci\u00f3n, Cultura, Trabajo y Naturaleza<\/strong><\/em><!--more--><\/span><\/p>\n<p style=\"text-align: justify;\"><span style=\"font-size: 18pt;\"><strong>L.T.<\/strong><\/span><\/p>\n<p style=\"text-align: justify;\"><span style=\"font-size: 18pt;\">El Instituto Nacional de Capacitaci\u00f3n y Educaci\u00f3n Socialista (Inces) particip\u00f3 en el V Congreso Venezolano de Ciencia y Tecnolog\u00eda, cap\u00edtulo Educaci\u00f3n, Cultura, Trabajo y Naturaleza. Wuikelman \u00c1ngel, viceministro de Comunidades Educativas y Uni\u00f3n con el Pueblo y presidente del Inces, fue el responsable de exponer c\u00f3mo el Inces adecu\u00f3 su gesti\u00f3n a las necesidades reales del pa\u00eds y del mundo.<\/span><\/p>\n<p>&nbsp;<\/p>\n<p style=\"text-align: justify;\"><span style=\"font-size: 18pt;\">Acompa\u00f1aron a \u00c1ngel el vicerrector de Investigaci\u00f3n, Desarrollo e innovaci\u00f3n de la Unefa, Miguel \u00c1lvarez C\u00e1diz; la rectora de la Universidad Bolivariana de Venezuela Sandra Oblitas y el investigador y docente, Luis Bonilla.<\/span><\/p>\n<p>&nbsp;<\/p>\n<p style=\"text-align: justify;\"><span style=\"font-size: 18pt;\"><img loading=\"lazy\" decoding=\"async\" class=\"aligncenter\" src=\"https:\/\/inces.gob.ve\/wp-content\/uploads\/2021\/12\/WhatsApp-Image-2021-12-02-at-14.23.00-1024x768.jpeg\" alt=\"\" width=\"640\" height=\"480\" \/><\/span><\/p>\n<p style=\"text-align: justify;\"><span style=\"font-size: 18pt;\">La pregunta que dio inici\u00f3 el debate fue la implementaci\u00f3n de pol\u00edticas p\u00fablicas que permitan a la naci\u00f3n salir de la inercia impuesta y asumida que nos aleja del proyecto pa\u00eds. Al respecto, \u00c1ngel expuso que el Inces est\u00e1 trabajando en la implementaci\u00f3n de un subsistema de formaci\u00f3n t\u00e9cnica profesional que transversalice el sistema educativo formal y que sea asumida como una pol\u00edtica p\u00fablica nacional de obligatorio cumplimiento para los planteles p\u00fablicos y privados.<\/span><\/p>\n<p>&nbsp;<\/p>\n<p style=\"text-align: justify;\"><span style=\"font-size: 18pt;\">Adelantada la discusi\u00f3n, Angel catalog\u00f3 como un avance que en este congreso sean incluidas las Ciencias Sociales. \u201cEso nos lleva a pensar que ya no solo es el m\u00e9todo cient\u00edfico quien da las respuestas que necesita la sociedad y el mundo\u201d.<\/span><\/p>\n<p>&nbsp;<\/p>\n<p style=\"text-align: justify;\"><span style=\"font-size: 18pt;\">\u00abEl mundo\u00a0vive en la actualidad bajo dos modelos de desarrollo: unos que responde al capitalismo y otro que atiende a la racionalidad de la liberaci\u00f3n. Lo que no debe perderse de vista es el prestar atenci\u00f3n a lo que dicen los pueblos\u00bb.<\/span><\/p>\n<p>&nbsp;<\/p>\n<p style=\"text-align: justify;\"><span style=\"font-size: 18pt;\">El viceministro explic\u00f3 que no podemos desconocer que el capitalismo se reinventa cada d\u00eda y que vive en un ciclo de permanente acomodo que \u201cse lleva todo por el medio incluyendo la vida del planeta tierra y de las generaciones futuras por la l\u00f3gica de la simple acumulaci\u00f3n de capital\u201d, asever\u00f3.<\/span><\/p>\n<p>&nbsp;<\/p>\n<p>&nbsp;<\/p>\n<p style=\"text-align: justify;\"><span style=\"font-size: 18pt;\">Asimismos, el viceministro inst\u00f3 a la audiencia a ser optimistas, \u201ctenemos que observar \u00a0a los pueblos del mundo que no solo est\u00e1n resistiendo ante el modelo neoliberal sino que adem\u00e1s lo est\u00e1 superando\u201d.<\/span><\/p>\n<p>&nbsp;<\/p>\n<p style=\"text-align: justify;\"><span style=\"font-size: 18pt;\">Insisti\u00f3 el titular del Inces en la concreci\u00f3n de un Estado docente. \u201cHay que revisar a profundidad la educaci\u00f3n\u00a0y cambiar lo que sea necesario, y aunque estamos trabajando en ello, es urgente hacerlo con un ritmo distinto, a la velocidad de las tecnolog\u00edas que est\u00e1n al servicio de un modelo hegem\u00f3nico. Podr\u00edamos pensar que eso nos hace estar en desventaja, pero tambi\u00e9n pueden estar a favor de un modelo de liberaci\u00f3n.<\/span><\/p>\n<p>&nbsp;<\/p>\n<p style=\"text-align: justify;\"><span style=\"font-size: 18pt;\">Nuestra respuesta ante el capitalismo sigue siendo un modelo de econom\u00eda social con una perspectiva de solidaridad y cooperaci\u00f3n, dirigido a la satisfacci\u00f3n de las necesidades y no a la l\u00f3gica de la acumulaci\u00f3n.<\/span><\/p>\n<p>&nbsp;<\/p>\n<p style=\"text-align: justify;\"><span style=\"font-size: 18pt;\">A juicio de Angel, debemos pensar un modelo de sociedad que se conecte con lo que \u00a0hacemos. Es necesario reflexionar sobre la velocidad de la tecnolog\u00eda frente a la velocidad de las respuestas del sistema educativo; cu\u00e1les son los criterios que manejamos y con lo cu\u00e1les vamos a defendernos.<\/span><\/p>\n<p>&nbsp;<\/p>\n<p style=\"text-align: justify;\"><span style=\"font-size: 18pt;\">Culmin\u00f3 diciendo que en Venezuela hay un talento extraordinario que apuesta a superar las dificultades, que trabaja, estudia, investiga y que para benepl\u00e1cito y orgullo, cuenta con un alt\u00edsimo nivel de conciencia con respecto al momento hist\u00f3rico que est\u00e1 viviendo nuestro pa\u00eds y nuestro continente.<\/span><\/p>\n<p style=\"text-align: justify;\">\n","protected":false},"excerpt":{"rendered":"<p>** El jueves 2 de diciembre correspondi\u00f3 al panel Educaci\u00f3n, Cultura, Trabajo y Naturaleza<\/p>\n","protected":false},"author":4,"featured_media":40856,"comment_status":"closed","ping_status":"closed","sticky":false,"template":"","format":"standard","meta":{"footnotes":""},"categories":[2],"tags":[],"class_list":["post-40848","post","type-post","status-publish","format-standard","has-post-thumbnail","hentry","category-blog"],"_links":{"self":[{"href":"https:\/\/inces.gob.ve\/index.php\/wp-json\/wp\/v2\/posts\/40848","targetHints":{"allow":["GET"]}}],"collection":[{"href":"https:\/\/inces.gob.ve\/index.php\/wp-json\/wp\/v2\/posts"}],"about":[{"href":"https:\/\/inces.gob.ve\/index.php\/wp-json\/wp\/v2\/types\/post"}],"author":[{"embeddable":true,"href":"https:\/\/inces.gob.ve\/index.php\/wp-json\/wp\/v2\/users\/4"}],"replies":[{"embeddable":true,"href":"https:\/\/inces.gob.ve\/index.php\/wp-json\/wp\/v2\/comments?post=40848"}],"version-history":[{"count":5,"href":"https:\/\/inces.gob.ve\/index.php\/wp-json\/wp\/v2\/posts\/40848\/revisions"}],"predecessor-version":[{"id":40858,"href":"https:\/\/inces.gob.ve\/index.php\/wp-json\/wp\/v2\/posts\/40848\/revisions\/40858"}],"wp:featuredmedia":[{"embeddable":true,"href":"https:\/\/inces.gob.ve\/index.php\/wp-json\/wp\/v2\/media\/40856"}],"wp:attachment":[{"href":"https:\/\/inces.gob.ve\/index.php\/wp-json\/wp\/v2\/media?parent=40848"}],"wp:term":[{"taxonomy":"category","embeddable":true,"href":"https:\/\/inces.gob.ve\/index.php\/wp-json\/wp\/v2\/categories?post=40848"},{"taxonomy":"post_tag","embeddable":true,"href":"https:\/\/inces.gob.ve\/index.php\/wp-json\/wp\/v2\/tags?post=40848"}],"curies":[{"name":"wp","href":"https:\/\/api.w.org\/{rel}","templated":true}]}}