{"id":40866,"date":"2021-12-06T07:19:47","date_gmt":"2021-12-06T11:19:47","guid":{"rendered":"https:\/\/inces.gob.ve\/?p=40866"},"modified":"2021-12-06T07:19:47","modified_gmt":"2021-12-06T11:19:47","slug":"inces-militar-planifica-formaciones-para-2022-en-el-sector-salud","status":"publish","type":"post","link":"https:\/\/inces.gob.ve\/index.php\/2021\/12\/06\/inces-militar-planifica-formaciones-para-2022-en-el-sector-salud\/","title":{"rendered":"Inces Militar planifica formaciones para 2022 en el sector salud"},"content":{"rendered":"<p style=\"text-align: justify;\"><span style=\"font-size: 14pt;\"><i><b>** Militares y civiles podr\u00e1n formarse en \u00e1reas de la salud como Control y Registro M\u00e9dico Auxiliar de Camillero<\/b><\/i><\/span><!--more--><\/p>\n<p>&nbsp;<\/p>\n<p style=\"text-align: justify;\"><span style=\"font-size: 14pt;\"><b>EDMUNDO ARIAS CASTRO<\/b><\/span><\/p>\n<p style=\"text-align: justify;\"><span style=\"font-size: 14pt;\">Con el prop\u00f3sito de avanzar bajo la filosof\u00eda \u201dFormar produciendo, producir formando\u201d, a lo largo y ancho de la patria de Bol\u00edvar, el Instituto Nacional de Capacitaci\u00f3n y Educaci\u00f3n Socialista (Inces) Militar, llev\u00f3 a cabo un encuentro con Nelly Correa, vocera de la Comisi\u00f3n Jur\u00eddica del Consejo Presidencial del Gobierno de Distrito Capital del sector salud, adem\u00e1s de la participaci\u00f3n de Pedro Graterol de la Comisi\u00f3n de Organizaci\u00f3n del Consejo.<\/span><\/p>\n<p>&nbsp;<\/p>\n<p style=\"text-align: justify;\"><span style=\"font-size: 14pt;\">Este encuentro realizado en la sede principal de la Nueva Granada fue orientado y dirigido por el personal de formaci\u00f3n profesional de Inces Militar, bajo la responsabilidad de Norelia Trujillo y del Cap. Edmundo Valdemar Arias Castro, gerente de Talento Humano con la finalidad de realizar las coordinaciones pertinentes para el impulso e implementaci\u00f3n de la formaci\u00f3n t\u00e9cnica profesional para el venidero a\u00f1o 2022.<\/span><\/p>\n<p>&nbsp;<\/p>\n<p style=\"text-align: justify;\"><span style=\"font-size: 14pt;\">En consecuencia, a trav\u00e9s de Inces militar y el ASIS (An\u00e1lisis de la Situaci\u00f3n de Salud), se busca beneficiar aproximadamente a 400 voceras en un radio de acci\u00f3n de la Gran Caracas, atendiendo en las Unidades Curriculares de Control y Registro M\u00e9dico Auxiliar de Camillero.<\/span><\/p>\n<p>&nbsp;<\/p>\n<p style=\"text-align: justify;\"><span style=\"font-size: 14pt;\">Cabe puntualizar que ASIS es un proceso que permite describir, caracterizar y medir la situaci\u00f3n con respecto al estado de salud y sus determinantes sociales (incluye los servicios de salud y a aquellos que no son competencia del sector salud), en una poblaci\u00f3n de un espacio determinado, en este sentido, el Inces Militar est\u00e1 abierto a asistir en el \u00e1mbito formativo a los militares y no militares que sea necesario.<\/span><\/p>\n","protected":false},"excerpt":{"rendered":"<p>** Militares y civiles podr\u00e1n formarse en \u00e1reas de la salud como Control y Registro M\u00e9dico Auxiliar de Camillero<\/p>\n","protected":false},"author":4,"featured_media":40867,"comment_status":"closed","ping_status":"closed","sticky":false,"template":"","format":"standard","meta":{"footnotes":""},"categories":[2],"tags":[],"class_list":["post-40866","post","type-post","status-publish","format-standard","has-post-thumbnail","hentry","category-blog"],"_links":{"self":[{"href":"https:\/\/inces.gob.ve\/index.php\/wp-json\/wp\/v2\/posts\/40866","targetHints":{"allow":["GET"]}}],"collection":[{"href":"https:\/\/inces.gob.ve\/index.php\/wp-json\/wp\/v2\/posts"}],"about":[{"href":"https:\/\/inces.gob.ve\/index.php\/wp-json\/wp\/v2\/types\/post"}],"author":[{"embeddable":true,"href":"https:\/\/inces.gob.ve\/index.php\/wp-json\/wp\/v2\/users\/4"}],"replies":[{"embeddable":true,"href":"https:\/\/inces.gob.ve\/index.php\/wp-json\/wp\/v2\/comments?post=40866"}],"version-history":[{"count":1,"href":"https:\/\/inces.gob.ve\/index.php\/wp-json\/wp\/v2\/posts\/40866\/revisions"}],"predecessor-version":[{"id":40868,"href":"https:\/\/inces.gob.ve\/index.php\/wp-json\/wp\/v2\/posts\/40866\/revisions\/40868"}],"wp:featuredmedia":[{"embeddable":true,"href":"https:\/\/inces.gob.ve\/index.php\/wp-json\/wp\/v2\/media\/40867"}],"wp:attachment":[{"href":"https:\/\/inces.gob.ve\/index.php\/wp-json\/wp\/v2\/media?parent=40866"}],"wp:term":[{"taxonomy":"category","embeddable":true,"href":"https:\/\/inces.gob.ve\/index.php\/wp-json\/wp\/v2\/categories?post=40866"},{"taxonomy":"post_tag","embeddable":true,"href":"https:\/\/inces.gob.ve\/index.php\/wp-json\/wp\/v2\/tags?post=40866"}],"curies":[{"name":"wp","href":"https:\/\/api.w.org\/{rel}","templated":true}]}}