{"id":40869,"date":"2021-12-06T07:26:10","date_gmt":"2021-12-06T11:26:10","guid":{"rendered":"https:\/\/inces.gob.ve\/?p=40869"},"modified":"2021-12-06T07:26:10","modified_gmt":"2021-12-06T11:26:10","slug":"trujillo-variadores-electronicos-de-velocidad-para-motores-electronicos-asincronicos","status":"publish","type":"post","link":"https:\/\/inces.gob.ve\/index.php\/2021\/12\/06\/trujillo-variadores-electronicos-de-velocidad-para-motores-electronicos-asincronicos\/","title":{"rendered":"TRUJILLO | Variadores Electr\u00f3nicos de Velocidad para Motores Electr\u00f3nicos Asincr\u00f3nicos"},"content":{"rendered":"<p style=\"text-align: justify;\" align=\"justify\"><em><strong><span style=\"font-size: 14pt;\">-Durante las 20 horas que dur\u00f3 la formaci\u00f3n los 11 participantes que proven\u00edan de anteriores formaciones como \u201c<span style=\"color: #3d3d3d;\"><span style=\"font-family: Liberation Serif, serif;\">Programaci\u00f3n con Equipos de Controles L\u00f3gicos Programables\u201d y <\/span><\/span><span style=\"color: #3d3d3d;\">\u201c<\/span>Programaci\u00f3n B\u00e1sica de PLC\u201d completaron la formaci\u00f3n que, por razones de pandemia, hab\u00eda quedado suspendida<\/span><\/strong><\/em><!--more--><\/p>\n<p align=\"justify\">\n<p style=\"text-align: justify;\" align=\"justify\">\n<p style=\"text-align: justify;\" align=\"justify\"><span style=\"font-size: 14pt;\"><b>MAR\u00cdA CABRERA<\/b><\/span><\/p>\n<p style=\"text-align: justify;\" align=\"justify\"><span style=\"font-size: 14pt;\">En Inces Trujillo se realiz\u00f3 el cierre de la formaci\u00f3n \u201cVariadores Electr\u00f3nicos de Velocidad para Motores Electr\u00f3nicos Asincr\u00f3nicos\u201d, la cual tuvo una duraci\u00f3n de 20 horas y fue dictada por el maestro Alexis Velazco.<\/span><\/p>\n<p align=\"justify\">\n<p style=\"text-align: justify;\" align=\"justify\"><span style=\"font-size: 14pt;\">Velazco, maestro experimentado del Inces-Trujillo, nos comenta que todos los participantes eran de Petr\u00f3leos de Venezuela, Hospital \u201cPedro Emilio Carrillo\u201d de Valera y de agua mineral \u201cGota Linda\u201d del municipio Miranda, zona sur de esta entidad andina, quienes asistieron a la formaci\u00f3n que fue en exclusiva para personas que manejan y son conocedoras del proceso industrial de una empresa.<\/span><\/p>\n<p align=\"justify\">\n<p style=\"text-align: justify;\" align=\"justify\"><span style=\"font-size: 14pt;\">\u201cDurante las 20 horas que dur\u00f3 la formaci\u00f3n, los 11 participantes que proven\u00edan de anteriores formaciones como \u201c<span style=\"color: #3d3d3d;\"><span style=\"font-family: Liberation Serif, serif;\">Programaci\u00f3n con Equipos de Controles L\u00f3gicos Programables\u201d y <\/span><\/span><span style=\"color: #3d3d3d;\">\u201c<\/span>Programaci\u00f3n B\u00e1sica de PLC\u201d completaron la formaci\u00f3n que por razones de pandemia hab\u00eda quedado suspendida\u201d.<\/span><\/p>\n<p style=\"text-align: justify;\" align=\"justify\">\n<p style=\"text-align: justify;\" align=\"justify\"><span style=\"font-size: 14pt;\">\u201cEstas formaciones son exclusivas para ingenieros el\u00e9ctricos, t\u00e9cnicos medios y t\u00e9cnicos superiores; el hecho que podamos solventar la instrucci\u00f3n de estas personas es algo que nos satisface porque esperamos para el pr\u00f3ximo 2022 asumir el compromiso del otro lote de trabajadores que quedaron pendientes por las razones descritas\u201d.<\/span><\/p>\n<p style=\"text-align: justify;\" align=\"justify\"><span style=\"font-size: 14pt;\">La singularidad en esta oportunidad estuvo en el hecho de que Alexis Velazco estuvo de cumplea\u00f1os y la ocasi\u00f3n fue aprovechada para juntos celebrar un momento donde se agradeci\u00f3 la ense\u00f1anza y la circunstancia de estar vivos, con salud y sobre todo aprovechando el tiempo en algo \u00fatil.<\/span><\/p>\n<p align=\"justify\">\n<p style=\"text-align: justify;\" align=\"justify\"><span style=\"font-size: 14pt;\">En el centro de formaci\u00f3n socialista \u201cAl\u00ed Primera\u201d se desarrollaron estos hechos, donde las autoridades regionales, encabezadas por Ang\u00e9lica Mor\u00f3n Aldana, desde ya realizan los diagn\u00f3sticos necesarios para emprender los cursos para el venidero a\u00f1o, que, desde ya, se vislumbra con mucho movimiento y beneficios para las comunidades trujillanas.<\/span><\/p>\n","protected":false},"excerpt":{"rendered":"<p>-Durante las 20 horas que dur\u00f3 la formaci\u00f3n los 11 participantes que proven\u00edan de anteriores formaciones como \u201cProgramaci\u00f3n con Equipos de Controles L\u00f3gicos Programables\u201d y \u201cProgramaci\u00f3n B\u00e1sica de PLC\u201d completaron la formaci\u00f3n que, por razones de pandemia, hab\u00eda quedado suspendida<\/p>\n","protected":false},"author":4,"featured_media":40870,"comment_status":"closed","ping_status":"closed","sticky":false,"template":"","format":"standard","meta":{"footnotes":""},"categories":[2],"tags":[],"class_list":["post-40869","post","type-post","status-publish","format-standard","has-post-thumbnail","hentry","category-blog"],"_links":{"self":[{"href":"https:\/\/inces.gob.ve\/index.php\/wp-json\/wp\/v2\/posts\/40869","targetHints":{"allow":["GET"]}}],"collection":[{"href":"https:\/\/inces.gob.ve\/index.php\/wp-json\/wp\/v2\/posts"}],"about":[{"href":"https:\/\/inces.gob.ve\/index.php\/wp-json\/wp\/v2\/types\/post"}],"author":[{"embeddable":true,"href":"https:\/\/inces.gob.ve\/index.php\/wp-json\/wp\/v2\/users\/4"}],"replies":[{"embeddable":true,"href":"https:\/\/inces.gob.ve\/index.php\/wp-json\/wp\/v2\/comments?post=40869"}],"version-history":[{"count":1,"href":"https:\/\/inces.gob.ve\/index.php\/wp-json\/wp\/v2\/posts\/40869\/revisions"}],"predecessor-version":[{"id":40871,"href":"https:\/\/inces.gob.ve\/index.php\/wp-json\/wp\/v2\/posts\/40869\/revisions\/40871"}],"wp:featuredmedia":[{"embeddable":true,"href":"https:\/\/inces.gob.ve\/index.php\/wp-json\/wp\/v2\/media\/40870"}],"wp:attachment":[{"href":"https:\/\/inces.gob.ve\/index.php\/wp-json\/wp\/v2\/media?parent=40869"}],"wp:term":[{"taxonomy":"category","embeddable":true,"href":"https:\/\/inces.gob.ve\/index.php\/wp-json\/wp\/v2\/categories?post=40869"},{"taxonomy":"post_tag","embeddable":true,"href":"https:\/\/inces.gob.ve\/index.php\/wp-json\/wp\/v2\/tags?post=40869"}],"curies":[{"name":"wp","href":"https:\/\/api.w.org\/{rel}","templated":true}]}}