{"id":40934,"date":"2021-12-15T07:36:10","date_gmt":"2021-12-15T11:36:10","guid":{"rendered":"https:\/\/inces.gob.ve\/?p=40934"},"modified":"2021-12-15T07:36:10","modified_gmt":"2021-12-15T11:36:10","slug":"batallon-caracas-forma-a-sus-tropas-con-inces-militar","status":"publish","type":"post","link":"https:\/\/inces.gob.ve\/index.php\/2021\/12\/15\/batallon-caracas-forma-a-sus-tropas-con-inces-militar\/","title":{"rendered":"Batall\u00f3n Caracas forma a sus tropas con Inces Militar"},"content":{"rendered":"<p align=\"justify\"><em><strong><span style=\"font-size: 14pt;\">** \u201cEl contenido de estos cursos ser\u00e1n propicios para ponerlos en pr\u00e1ctica al d\u00eda a d\u00eda en mi ambiente laboral\u201d<\/span><\/strong><\/em><!--more--><\/p>\n<p align=\"justify\">\n<p align=\"justify\"><span style=\"font-size: 14pt;\">EDMUNDO ARIAS CASTRO<\/span><\/p>\n<p align=\"justify\"><span style=\"font-size: 14pt;\">Se llev\u00f3 a cabo acto de clausura de los cursos Atenci\u00f3n al P\u00fablico y de Seguridad Industrial y Ambiente, con una duraci\u00f3n de 20 horas cada uno, bajo la direcci\u00f3n del Inces Militar, dictados al personal militar profesional y tropas alistadas Plazas del Batall\u00f3n Caracas del Ministerio del Poder Popular para la Defensa (MPPD), con la participaci\u00f3n de 29 participantes.<\/span><\/p>\n<p align=\"justify\">\n<p align=\"justify\"><span style=\"font-size: 14pt;\">El Inces Militar sigue con el firme prop\u00f3sito de abarcar y profundizar en la formaci\u00f3n de nuestro pueblo, bajo los lineamientos de la Direcci\u00f3n General de Inces Militar en la persona del C\/A. Luis Ren\u00e9 Agreda Duran y de su equipo comprometido, junto a Norelia Trujillo, jefa del Departamento de Formaci\u00f3n Profesional.<\/span><\/p>\n<p align=\"justify\">\n<p align=\"justify\"><span style=\"font-size: 14pt;\">El Cddno C\/1ro. Wolfan Noel Leal, del referido Batall\u00f3n Caracas, manifest\u00f3 su agradecimiento a Inces Militar por haber sido tomado en cuenta por los conocimientos adquiridos, \u201cel contenido de estos cursos ser\u00e1n propicios para ponerlos en pr\u00e1ctica al d\u00eda a d\u00eda en mi ambiente laboral\u201d, acot\u00f3 Leal.<\/span><\/p>\n<p align=\"justify\">\n<p align=\"justify\"><span style=\"font-size: 14pt;\">Es importante destacar que los formadores de estos cursos, quienes formaron a este grupo de participantes como lo fueron Antonio Marzano, quien dict\u00f3 el curso de Seguridad Industrial y Ambiente de Trabajo, y Air\u00e1n Silva del curso, Atenci\u00f3n al P\u00fablico, se sintieron complacidos, de los objetivos alcanzados. Ambos coincidieron en que \u201chay ganas de aprender y formarse con el Inces Militar\u201d.<\/span><\/p>\n<p align=\"justify\">\n<p align=\"justify\"><span style=\"font-size: 14pt;\">En s\u00edntesis, un agradecimiento ampliado a todas las personas que tomaron parte de este logro formativo, como lo fueron, el responsable del Centro de Formaci\u00f3n (CFS), el Cnel. Ra\u00fal Le\u00f3n Ju\u00e1rez, el Tcnel. Edicson Hely Lizardo Arrieta, el Cmdte. del Batall\u00f3n de Caracas y la Tcnel. Maur\u00e9n Ruiz jefe del departamento del CFS.<\/span><\/p>\n<p align=\"justify\">\n<p align=\"justify\"><span style=\"font-size: 14pt;\">Los 29 participantes egresados, como todos los que culminan los cursos con Inces Militar, recibieron sus respectivas constancias de culminaci\u00f3n de sus formaciones.<\/span><\/p>\n","protected":false},"excerpt":{"rendered":"<p>** \u201cEl contenido de estos cursos ser\u00e1n propicios para ponerlos en pr\u00e1ctica al d\u00eda a d\u00eda en mi ambiente laboral\u201d<\/p>\n","protected":false},"author":4,"featured_media":40935,"comment_status":"closed","ping_status":"closed","sticky":false,"template":"","format":"standard","meta":{"footnotes":""},"categories":[2],"tags":[],"class_list":["post-40934","post","type-post","status-publish","format-standard","has-post-thumbnail","hentry","category-blog"],"_links":{"self":[{"href":"https:\/\/inces.gob.ve\/index.php\/wp-json\/wp\/v2\/posts\/40934","targetHints":{"allow":["GET"]}}],"collection":[{"href":"https:\/\/inces.gob.ve\/index.php\/wp-json\/wp\/v2\/posts"}],"about":[{"href":"https:\/\/inces.gob.ve\/index.php\/wp-json\/wp\/v2\/types\/post"}],"author":[{"embeddable":true,"href":"https:\/\/inces.gob.ve\/index.php\/wp-json\/wp\/v2\/users\/4"}],"replies":[{"embeddable":true,"href":"https:\/\/inces.gob.ve\/index.php\/wp-json\/wp\/v2\/comments?post=40934"}],"version-history":[{"count":1,"href":"https:\/\/inces.gob.ve\/index.php\/wp-json\/wp\/v2\/posts\/40934\/revisions"}],"predecessor-version":[{"id":40936,"href":"https:\/\/inces.gob.ve\/index.php\/wp-json\/wp\/v2\/posts\/40934\/revisions\/40936"}],"wp:featuredmedia":[{"embeddable":true,"href":"https:\/\/inces.gob.ve\/index.php\/wp-json\/wp\/v2\/media\/40935"}],"wp:attachment":[{"href":"https:\/\/inces.gob.ve\/index.php\/wp-json\/wp\/v2\/media?parent=40934"}],"wp:term":[{"taxonomy":"category","embeddable":true,"href":"https:\/\/inces.gob.ve\/index.php\/wp-json\/wp\/v2\/categories?post=40934"},{"taxonomy":"post_tag","embeddable":true,"href":"https:\/\/inces.gob.ve\/index.php\/wp-json\/wp\/v2\/tags?post=40934"}],"curies":[{"name":"wp","href":"https:\/\/api.w.org\/{rel}","templated":true}]}}