{"id":40937,"date":"2021-12-15T07:44:16","date_gmt":"2021-12-15T11:44:16","guid":{"rendered":"https:\/\/inces.gob.ve\/?p=40937"},"modified":"2021-12-15T07:44:16","modified_gmt":"2021-12-15T11:44:16","slug":"maracay-gerente-del-inces-aragua-realizo-reunion-especial-con-su-equipo-de-trabajo","status":"publish","type":"post","link":"https:\/\/inces.gob.ve\/index.php\/2021\/12\/15\/maracay-gerente-del-inces-aragua-realizo-reunion-especial-con-su-equipo-de-trabajo\/","title":{"rendered":"MARACAY | Gerente del Inces Aragua realiz\u00f3 reuni\u00f3n especial con su equipo de trabajo"},"content":{"rendered":"<p align=\"justify\"><em><span style=\"font-family: ARial, sans-serif; font-size: 14pt;\"><b>** Jefas y jefes de los Centros de Formaci\u00f3n Socialista analizaron en mesa de trabajo la Matriz Program\u00e1tica y las orientaciones para 2022<\/b><\/span><\/em><!--more--><\/p>\n<p align=\"justify\">\n<p align=\"justify\"><span style=\"font-family: ARial, sans-serif; font-size: 14pt;\"><b>NINOSKA PATRIZ <\/b><\/span><\/p>\n<p align=\"justify\"><span style=\"font-family: ARial, sans-serif; font-size: 14pt;\"><b>En concordancia con las l\u00edneas estrat\u00e9gicas de desarrollo integral <\/b>del Gobierno Nacional y directrices emanadas por el titular del Inces Wuikelman Angel Paredes, el gerente del Inces Aragua, Oliver Medina, atendi\u00f3 un encuentro especial con su equipo de trabajo.<\/span><\/p>\n<p align=\"justify\">\n<p align=\"justify\"><span style=\"font-size: 14pt;\">\u201c<span style=\"font-family: ARial, sans-serif;\"><b>Con el trabajo articulado de todas y todos<\/b><\/span><span style=\"font-family: ARial, sans-serif;\"> se pretende impulsar, todo lo posible por la generaci\u00f3n de oportunidades de estudio y trabajo para la juventud venezolana\u201d. Recalc\u00f3 al inicio. A la misma, se dieron cita los jefes y jefas de Centro, Unidad, Programas, Maestros T\u00e9cnicos y personal respectivo en funci\u00f3n de sumar a la activaci\u00f3n de las fuerzas productivas de trabajo.<\/span><\/span><\/p>\n<p align=\"justify\">\n<p align=\"justify\"><span style=\"font-family: ARial, sans-serif; font-size: 14pt;\">Por su parte fue enf\u00e1tico en trabajar de la mano con su personal comprometido y consciente, <b>en avance de la cobertura de necesidades que amerita la poblaci\u00f3n, as\u00ed como la promoci\u00f3n de la Formaci\u00f3n T\u00e9cnica Profesional como Pol\u00edtica P\u00fablica del Estado<\/b>, ya que: \u201cLa sociedad se construye desde el hacer, por ello destacamos la importancia del papel que juegan nuestros maestros t\u00e9cnicos productivos en todas nuestras \u00e1reas formativas\u201d, record\u00f3 Medina.<\/span><\/p>\n<p align=\"justify\">\n<p align=\"justify\"><span style=\"font-family: ARial, sans-serif; font-size: 14pt;\"><b>De <\/b><b>e<\/b><b>ste modo, mediante el an\u00e1lisis de la Matriz Program\u00e1tica, el <\/b><b>g<\/b><b>erente solicit\u00f3 continuar con el fortalecimiento de enlaces para procurar la formaci\u00f3n de la poblaci\u00f3n y el crecimiento econ\u00f3mico<\/b> del m\u00fasculo de los peque\u00f1os y medianos emprendedores o empresarios. Y agreg\u00f3: \u201cCada esfuerzo aporta un grano de arena para el despertar de la consciencia, la siembra de valores productivos, el trabajo en equipo y la valoraci\u00f3n de la comuna, pero sobre todo, el sentido de pertenencia, cuido y rescate de nuestras riquezas tanto materiales como talentos humanos. \u201c, resalt\u00f3 el Gerente.<\/span><\/p>\n<p align=\"justify\">\n<p align=\"justify\"><span style=\"font-family: ARial, sans-serif; font-size: 14pt;\">Durante la misma, <b>tambi\u00e9n se afianz\u00f3 la importancia del trabajo coordinado de los 432 trabajadores activos y la b\u00fasqueda de mejoras para los empleados, <\/b>en torno a temas espec\u00edficos como:<\/span><\/p>\n<p align=\"justify\"><span style=\"font-family: ARial, sans-serif; font-size: 14pt;\">-Registro y Atenci\u00f3n del participante en cuanto al Campus Virtual<\/span><\/p>\n<p align=\"justify\"><span style=\"font-family: ARial, sans-serif; font-size: 14pt;\">-Motorizaci\u00f3n del Turismo y planificaci\u00f3n de actividades el la Fitven.<\/span><\/p>\n<p align=\"justify\"><span style=\"font-family: ARial, sans-serif; font-size: 14pt;\">-Recuperaci\u00f3n y seguridad de los espacios formativos Inces, entre otros.<\/span><\/p>\n<p align=\"justify\">\n<p align=\"justify\"><span style=\"font-family: ARial, sans-serif; font-size: 14pt;\"><b>Para finalizar nuevamente, agradeci\u00f3 la constancia y esfuerzo del equipo en la b\u00fasqueda de acciones y soluciones, utilizando a favor las herramientas tecnol\u00f3gicas disponibles, en relaci\u00f3n con las necesidades y exigencias de la poblaci\u00f3n trabajadora y productiva de la Patria<\/b><\/span><\/p>\n<p align=\"center\">\n","protected":false},"excerpt":{"rendered":"<p>** Jefas y jefes de los Centros de Formaci\u00f3n Socialista analizaron en mesa de trabajo la Matriz Program\u00e1tica y las orientaciones para 2022<\/p>\n","protected":false},"author":4,"featured_media":40938,"comment_status":"closed","ping_status":"closed","sticky":false,"template":"","format":"standard","meta":{"footnotes":""},"categories":[2],"tags":[],"class_list":["post-40937","post","type-post","status-publish","format-standard","has-post-thumbnail","hentry","category-blog"],"_links":{"self":[{"href":"https:\/\/inces.gob.ve\/index.php\/wp-json\/wp\/v2\/posts\/40937","targetHints":{"allow":["GET"]}}],"collection":[{"href":"https:\/\/inces.gob.ve\/index.php\/wp-json\/wp\/v2\/posts"}],"about":[{"href":"https:\/\/inces.gob.ve\/index.php\/wp-json\/wp\/v2\/types\/post"}],"author":[{"embeddable":true,"href":"https:\/\/inces.gob.ve\/index.php\/wp-json\/wp\/v2\/users\/4"}],"replies":[{"embeddable":true,"href":"https:\/\/inces.gob.ve\/index.php\/wp-json\/wp\/v2\/comments?post=40937"}],"version-history":[{"count":1,"href":"https:\/\/inces.gob.ve\/index.php\/wp-json\/wp\/v2\/posts\/40937\/revisions"}],"predecessor-version":[{"id":40939,"href":"https:\/\/inces.gob.ve\/index.php\/wp-json\/wp\/v2\/posts\/40937\/revisions\/40939"}],"wp:featuredmedia":[{"embeddable":true,"href":"https:\/\/inces.gob.ve\/index.php\/wp-json\/wp\/v2\/media\/40938"}],"wp:attachment":[{"href":"https:\/\/inces.gob.ve\/index.php\/wp-json\/wp\/v2\/media?parent=40937"}],"wp:term":[{"taxonomy":"category","embeddable":true,"href":"https:\/\/inces.gob.ve\/index.php\/wp-json\/wp\/v2\/categories?post=40937"},{"taxonomy":"post_tag","embeddable":true,"href":"https:\/\/inces.gob.ve\/index.php\/wp-json\/wp\/v2\/tags?post=40937"}],"curies":[{"name":"wp","href":"https:\/\/api.w.org\/{rel}","templated":true}]}}