{"id":40950,"date":"2021-12-17T07:29:08","date_gmt":"2021-12-17T11:29:08","guid":{"rendered":"https:\/\/inces.gob.ve\/?p=40950"},"modified":"2021-12-17T07:29:08","modified_gmt":"2021-12-17T11:29:08","slug":"trujillo-participantes-de-basica-honraron-al-pesebre","status":"publish","type":"post","link":"https:\/\/inces.gob.ve\/index.php\/2021\/12\/17\/trujillo-participantes-de-basica-honraron-al-pesebre\/","title":{"rendered":"TRUJILLO | Participantes de b\u00e1sica honraron al pesebre"},"content":{"rendered":"<p align=\"justify\"><span style=\"font-size: 14pt;\"><i><b>**Los integrantes del 1er y 2do periodo de la Unidad B\u00e1sica del Inces-Trujillo se acercaron al pesebre para juntos honrar a nuestro se\u00f1or Jesucristo, que nunca nos ha abandonado en esta coyuntura de pandemia, y siempre nos gui\u00e1, en compa\u00f1\u00eda de que sus maestros t\u00e9cnicos productivos que, durante sus horas acad\u00e9micas, les recuerdan agradecer al alt\u00edsimo por estar vivos y sanos<\/b><\/i><!--more--><\/span><\/p>\n<p align=\"justify\">\n<p><span style=\"font-size: 14pt;\"><b>MAR\u00cdA CABRERA<br \/>\n<\/b><\/span><\/p>\n<p align=\"justify\"><span style=\"font-size: 14pt;\">La \u00e9poca decembrina en Los Andes venezolanos es una bella ocasi\u00f3n para que el compartir, el abrazo en familia y las tradiciones se desarrollen con una espontaneidad inusitada, caracter\u00edstica de las personas que habitamos en este punto del occidente del pa\u00eds.<\/span><\/p>\n<p align=\"justify\">\n<p align=\"justify\"><span style=\"font-size: 14pt;\">Aqu\u00ed en el Centro de Formaci\u00f3n Socialista \u201cBarbarita de La Torre\u201d del Inces Trujillo se refleja lo descrito, y es que, con la pandemia, ciertas tradiciones como la colocaci\u00f3n del pesebre y rendirle tributo al nacimiento del hijo de Dios, es algo que a\u00fan se mantiene.<\/span><\/p>\n<p align=\"justify\">\n<p align=\"justify\"><span style=\"font-size: 14pt;\">Los integrantes del 1er y 2do periodo de la Unidad B\u00e1sica del Inces-Trujillo aprovecharon la ocasi\u00f3n para acercarse al pesebre y juntos honrar a nuestro se\u00f1or Jesucristo, que nunca nos ha abandonado en esta coyuntura de pandemia, y nos gu\u00eda, acompa\u00f1ados de sus maestros t\u00e9cnicos productivos que, durante sus horas acad\u00e9micas, les recuerdan agradecer al alt\u00edsimo por estar vivos y sanos.<\/span><\/p>\n<p align=\"justify\">\n<p align=\"justify\"><span style=\"font-size: 14pt;\">Las maestras Leidy Araujo, Yenny Brice\u00f1o y Maigualida Brice\u00f1o Paredes, en un gesto hermoso, se aproximaron hasta el nacimiento y elevaron sus oraciones por un 2022 pr\u00f3spero y lleno salud para los venezolanos, pues \u201csiempre hay que apartarse un rato para ver y disfrutar de momentos sagrados como es el recordatorio del nacimiento de Jes\u00fas, el Divino Ni\u00f1o\u201d.<\/span><\/p>\n<p align=\"justify\">\n<p align=\"justify\"><span style=\"font-size: 14pt;\">Solimar Morillo, coordinadora de la Unidad B\u00e1sica Inces-Trujillo, motoriz\u00f3 la colocaci\u00f3n de este pesebre navide\u00f1o que por muchos a\u00f1os siempre ha estado presente y forma parte de los eventos que rodean a los trabajadores del organismo, el cual, en esta ocasi\u00f3n, cedi\u00f3 el espacio a los participantes de este plantel educativo que registra una data de m\u00e1s de 28 a\u00f1os de existencia.<\/span><\/p>\n<p align=\"justify\">\n<p align=\"justify\"><span style=\"font-size: 14pt;\">Al final entre risas, chistes y recordatorio para el regreso a clases en enero de 2022, Morillo les deseo lo mejor en nombre de las autoridades y el deseo de que la pasen de lo mejor con las personas que seleccionen y, sobre todo, se cuiden y prevean las acciones que pudieran afectar la seguridad personal y de los suyos.<\/span><\/p>\n","protected":false},"excerpt":{"rendered":"<p>**Los integrantes del 1er y 2do periodo de la Unidad B\u00e1sica del Inces-Trujillo se acercaron al pesebre para juntos honrar a nuestro se\u00f1or Jesucristo, que nunca nos ha abandonado en esta coyuntura de pandemia, y siempre nos gui\u00e1, en compa\u00f1\u00eda de que sus maestros t\u00e9cnicos productivos que, durante sus horas acad\u00e9micas, les recuerdan agradecer al [&hellip;]<\/p>\n","protected":false},"author":4,"featured_media":40951,"comment_status":"closed","ping_status":"closed","sticky":false,"template":"","format":"standard","meta":{"footnotes":""},"categories":[2],"tags":[],"class_list":["post-40950","post","type-post","status-publish","format-standard","has-post-thumbnail","hentry","category-blog"],"_links":{"self":[{"href":"https:\/\/inces.gob.ve\/index.php\/wp-json\/wp\/v2\/posts\/40950","targetHints":{"allow":["GET"]}}],"collection":[{"href":"https:\/\/inces.gob.ve\/index.php\/wp-json\/wp\/v2\/posts"}],"about":[{"href":"https:\/\/inces.gob.ve\/index.php\/wp-json\/wp\/v2\/types\/post"}],"author":[{"embeddable":true,"href":"https:\/\/inces.gob.ve\/index.php\/wp-json\/wp\/v2\/users\/4"}],"replies":[{"embeddable":true,"href":"https:\/\/inces.gob.ve\/index.php\/wp-json\/wp\/v2\/comments?post=40950"}],"version-history":[{"count":1,"href":"https:\/\/inces.gob.ve\/index.php\/wp-json\/wp\/v2\/posts\/40950\/revisions"}],"predecessor-version":[{"id":40952,"href":"https:\/\/inces.gob.ve\/index.php\/wp-json\/wp\/v2\/posts\/40950\/revisions\/40952"}],"wp:featuredmedia":[{"embeddable":true,"href":"https:\/\/inces.gob.ve\/index.php\/wp-json\/wp\/v2\/media\/40951"}],"wp:attachment":[{"href":"https:\/\/inces.gob.ve\/index.php\/wp-json\/wp\/v2\/media?parent=40950"}],"wp:term":[{"taxonomy":"category","embeddable":true,"href":"https:\/\/inces.gob.ve\/index.php\/wp-json\/wp\/v2\/categories?post=40950"},{"taxonomy":"post_tag","embeddable":true,"href":"https:\/\/inces.gob.ve\/index.php\/wp-json\/wp\/v2\/tags?post=40950"}],"curies":[{"name":"wp","href":"https:\/\/api.w.org\/{rel}","templated":true}]}}