{"id":40973,"date":"2021-12-22T09:11:41","date_gmt":"2021-12-22T13:11:41","guid":{"rendered":"https:\/\/inces.gob.ve\/?p=40973"},"modified":"2021-12-22T09:11:41","modified_gmt":"2021-12-22T13:11:41","slug":"trujillo-certificacion-del-inces-pronostica-un-2022-planificado-y-acertado","status":"publish","type":"post","link":"https:\/\/inces.gob.ve\/index.php\/2021\/12\/22\/trujillo-certificacion-del-inces-pronostica-un-2022-planificado-y-acertado\/","title":{"rendered":"TRUJILLO | Certificacion del Inces pronostica un 2022 planificado y acertado"},"content":{"rendered":"<p style=\"text-align: justify;\"><span style=\"font-size: 14pt;\"><em><strong><span style=\"font-family: arial, sans-serif;\">** En reuni\u00f3n efectuada en Cemento Andino y con la asistencia de las Misiones Ribas, Robinson, Sucre y Uners se coordinaron acciones multidisciplinarias que beneficiar\u00e1n a estos sectores y a la comunidad en general en lo relacionado a la certificaci\u00f3n y acreditaci\u00f3n ocupacional<\/span><\/strong><\/em><\/span><!--more--><\/p>\n<p style=\"text-align: justify;\">\n<p style=\"text-align: justify;\"><strong><span style=\"font-family: arial, sans-serif; font-size: 14pt;\">MAR\u00cdA CABRERA<\/span><\/strong><\/p>\n<p style=\"text-align: justify;\"><span style=\"font-family: arial, sans-serif; font-size: 14pt;\">Una buena reuni\u00f3n con varios organismos dependientes del estado tuvo lugar en las instalaciones de Cemento Andino, donde el Inces Trujillo, representado en esta ocasi\u00f3n por la coordinaci\u00f3n de Certificaci\u00f3n y Acreditaci\u00f3n Ocupacional, particip\u00f3 con miras a planificar lo referente a los oficios emp\u00edricos de trabajadores de estos entes nacionales.<\/span><\/p>\n<p>&nbsp;<\/p>\n<p style=\"text-align: justify;\"><span style=\"font-family: arial, sans-serif; font-size: 14pt;\">Yoly Berrios, coordinadora de Certificaci\u00f3n y Acreditaci\u00f3n Ocupacional del Inces Trujillo nos inform\u00f3 que en el c\u00f3nclave al que asisti\u00f3 la Universidad Nacional Experimental Sim\u00f3n Rodr\u00edguez, las Misiones Ribas, Robinson y Sucre, entre otros, se planific\u00f3 para el ejercicio fiscal 2022 y as\u00ed darle repuestas a las inquietudes y necesidades de las comunidades en lo referente a la certificaci\u00f3n de oficios emp\u00edricos.<\/span><\/p>\n<p>&nbsp;<\/p>\n<p style=\"text-align: justify;\"><span style=\"font-family: arial, sans-serif; font-size: 14pt;\">A la cita tambi\u00e9n acudieron el Coronel Oswaldo M\u00e9ndez, por Cemento Andino, N\u00e9stor Pinto del CEET quienes atendiendo las indicaciones del Vice ministro de Educaci\u00f3n y el Trabajo, Edgar Blanco consideraron el diagn\u00f3stico de los organismos mencionados y ver otros aspectos se les puede dar respuestas concretas que ayuden a la movilidad del aparato productivo regional.<\/span><\/p>\n<p>&nbsp;<\/p>\n<p style=\"text-align: justify;\"><span style=\"font-family: arial, sans-serif; font-size: 14pt;\">Aunque no hubo datos concretos sobre c\u00f3mo se abordar\u00e1 este trabajo, se sabe que la acci\u00f3n ser\u00e1 multidisciplinaria y desde varios \u00e1ngulos de forma que trabajadores, estudiantes y p\u00fablicos en general salgan beneficiados en esta acometida.<\/span><\/p>\n<p>&nbsp;<\/p>\n<p style=\"text-align: justify;\"><span style=\"font-family: arial, sans-serif; font-size: 14pt;\">Por su parte, Berrios explic\u00f3 que el Inces-Trujillo desde ya proyecta un buen comienzo, toda vez que los pron\u00f3sticos y los enlaces institucionales desarrollados desde la Gerencia Regional con Ang\u00e9lica Mor\u00f3n, como los hechos por su coordinaci\u00f3n han ido concret\u00e1ndose paulatinamente y sin pausa, lo cual promete \u201cbastante por lo acertado y puntual de las diligencias y la colaboraci\u00f3n multidisciplinaria efectuadas\u201d.<\/span><\/p>\n","protected":false},"excerpt":{"rendered":"<p>** En reuni\u00f3n efectuada en Cemento Andino y con la asistencia de las Misiones Ribas, Robinson, Sucre y Uners se coordinaron acciones multidisciplinarias que beneficiar\u00e1n a estos sectores y a la comunidad en general en lo relacionado a la certificaci\u00f3n y acreditaci\u00f3n ocupacional<\/p>\n","protected":false},"author":4,"featured_media":40974,"comment_status":"closed","ping_status":"closed","sticky":false,"template":"","format":"standard","meta":{"footnotes":""},"categories":[2],"tags":[],"class_list":["post-40973","post","type-post","status-publish","format-standard","has-post-thumbnail","hentry","category-blog"],"_links":{"self":[{"href":"https:\/\/inces.gob.ve\/index.php\/wp-json\/wp\/v2\/posts\/40973","targetHints":{"allow":["GET"]}}],"collection":[{"href":"https:\/\/inces.gob.ve\/index.php\/wp-json\/wp\/v2\/posts"}],"about":[{"href":"https:\/\/inces.gob.ve\/index.php\/wp-json\/wp\/v2\/types\/post"}],"author":[{"embeddable":true,"href":"https:\/\/inces.gob.ve\/index.php\/wp-json\/wp\/v2\/users\/4"}],"replies":[{"embeddable":true,"href":"https:\/\/inces.gob.ve\/index.php\/wp-json\/wp\/v2\/comments?post=40973"}],"version-history":[{"count":1,"href":"https:\/\/inces.gob.ve\/index.php\/wp-json\/wp\/v2\/posts\/40973\/revisions"}],"predecessor-version":[{"id":40975,"href":"https:\/\/inces.gob.ve\/index.php\/wp-json\/wp\/v2\/posts\/40973\/revisions\/40975"}],"wp:featuredmedia":[{"embeddable":true,"href":"https:\/\/inces.gob.ve\/index.php\/wp-json\/wp\/v2\/media\/40974"}],"wp:attachment":[{"href":"https:\/\/inces.gob.ve\/index.php\/wp-json\/wp\/v2\/media?parent=40973"}],"wp:term":[{"taxonomy":"category","embeddable":true,"href":"https:\/\/inces.gob.ve\/index.php\/wp-json\/wp\/v2\/categories?post=40973"},{"taxonomy":"post_tag","embeddable":true,"href":"https:\/\/inces.gob.ve\/index.php\/wp-json\/wp\/v2\/tags?post=40973"}],"curies":[{"name":"wp","href":"https:\/\/api.w.org\/{rel}","templated":true}]}}