{"id":40984,"date":"2022-01-03T13:44:18","date_gmt":"2022-01-03T17:44:18","guid":{"rendered":"https:\/\/inces.gob.ve\/?p=40984"},"modified":"2022-01-03T13:44:18","modified_gmt":"2022-01-03T17:44:18","slug":"merida-centro-de-formacion-bicentenario-egreso-a-210-participantes-en-varios-oficios","status":"publish","type":"post","link":"https:\/\/inces.gob.ve\/index.php\/2022\/01\/03\/merida-centro-de-formacion-bicentenario-egreso-a-210-participantes-en-varios-oficios\/","title":{"rendered":"M\u00c9RIDA | Centro de formaci\u00f3n Bicentenario egres\u00f3 a 210 participantes en varios oficios"},"content":{"rendered":"<p style=\"text-align: justify;\"><span style=\"font-size: 14pt;\"><strong><span style=\"font-family: Arial, serif;\"><i>** En el \u00faltimo trimestre del a\u00f1o, y bajo la modalidad, virtual, semipresencial y con puntos de apoyo pedag\u00f3gico, el CFS Bicentenario capacit\u00f3 y form\u00f3 aplicado el punto y c<\/i><\/span><span style=\"font-family: Arial, serif;\"><i>\u00ed<\/i><\/span><\/strong><span style=\"font-family: Arial, serif;\"><i><strong>rculo<\/strong> <\/i><\/span><!--more--><\/span><\/p>\n<p style=\"text-align: justify;\">\n<p style=\"text-align: justify;\">\n<p style=\"text-align: justify;\"><span style=\"font-family: Arial, serif; font-size: 14pt;\"><b>NADIA LOBO<\/b><\/span><\/p>\n<p style=\"text-align: justify;\"><span style=\"font-size: 14pt;\"><span style=\"font-family: Arial, serif;\">El gerente regional del Inces-M\u00e9rida, Geldrit Roca inform\u00f3 que el Centro de Formaci\u00f3n Socialista (CFS) Bicentenario egres\u00f3 en el \u00faltimo trimestre de <\/span><span style=\"font-family: Arial, serif;\">2021<\/span><span style=\"font-family: Arial, serif;\">, 2 <\/span><span style=\"font-family: Arial, serif;\">u total e <\/span><span style=\"font-family: Arial, serif;\">10 participantes en diferentes oficios, d<\/span><span style=\"color: #222222;\"><span style=\"font-family: Arial, serif;\"><span lang=\"es-ES\">ando cumplimiento al lema \u201cformar produciendo y producir formando\u201d.<\/span><\/span><\/span><\/span><\/p>\n<p>&nbsp;<\/p>\n<p style=\"text-align: justify;\" align=\"justify\"><span style=\"font-family: Liberation Serif, serif; font-size: 14pt;\"><span style=\"color: #000000;\"><span style=\"font-family: Arial, serif;\"><span lang=\"es-ES\">Indic\u00f3 igualmente que tras la culminaci\u00f3n de 58 cursos, los participantes mostraron una variedad de piezas, productos, prendas de vestir y servicios que dise\u00f1aron, confeccionaron y aprendieron durante su formaci\u00f3n y que permiti\u00f3 dar vida a la expoproductiva Inces que se desarrolla cada a\u00f1o, con motivo de la <\/span><\/span><\/span><span style=\"color: #000000;\"><span style=\"font-family: Arial, serif;\"><span lang=\"es-ES\">N<\/span><\/span><\/span><span style=\"color: #000000;\"><span style=\"font-family: Arial, serif;\"><span lang=\"es-ES\">avidad.<\/span><\/span><\/span><\/span><\/p>\n<p align=\"justify\">\n<p style=\"text-align: justify;\" align=\"justify\"><span style=\"font-family: Liberation Serif, serif; font-size: 14pt;\"><span style=\"color: #000000;\"><span style=\"font-family: Arial, serif;\"><span lang=\"es-ES\">La socializaci\u00f3n de cada curso se desarroll\u00f3 en el sal\u00f3n de usos m\u00faltiples del CFS Bicentenario, ubicado en la populosa comunidad Los Curos de la ciudad de M\u00e9rida, y cont\u00f3 con la participaci\u00f3n del Coronel (EJNB) Giovanny Salazar, jefe del Inces Militar; Noel Jover, Diputado del Consejo Legislativo regional; Geldrit Roca, gerente del Inces, en compa\u00f1\u00eda de maestros t\u00e9cnicos productivos (MTP), trabajadores y participantes, quienes disfrutaron, deleitaron y conocieron de cerca cada una de las producciones artesanales de los egresados.<\/span><\/span><\/span><\/span><\/p>\n<p align=\"justify\">\n<p style=\"text-align: justify;\" align=\"justify\"><span style=\"font-family: Liberation Serif, serif; font-size: 14pt;\"><span style=\"color: #000000;\"><span style=\"font-family: Arial, serif;\"><span lang=\"es-ES\">La actividad permiti\u00f3 la entrega de constancias en los siguientes cursos: Carpinter\u00eda con 13 participantes; Construcci\u00f3n de pupitres (13); Entonaci\u00f3n de motores (30); Elaboraci\u00f3n de pasapalos (11); Textil (20); Barber\u00eda y Corte de cabelllo (24); Confecci\u00f3n de lencer\u00eda (16); Confecci\u00f3n de uniformes escolares (16), entre otros, d\u00f3nde los participantes al recibir su acreditaci\u00f3n, se sienten motivados a producir de manera artesanal desde sus comunidades, convirti\u00e9ndose en decididos emprendedores, que egresan del Inces-M\u00e9rida.<\/span><\/span><\/span><\/span><\/p>\n<p align=\"justify\">\n<p style=\"text-align: justify;\" align=\"justify\"><span style=\"font-family: Liberation Serif, serif; font-size: 14pt;\"><span style=\"font-family: Arial, serif;\">Por su parte, el <\/span><span style=\"font-family: Arial, serif;\">d<\/span><span style=\"font-family: Arial, serif;\">iputado Noel Jover, tras realizar un recorrido por los diferentes stands, convers\u00f3 con los participantes destacando que \u201cel Inces tiene la capacidad, la experiencia y la fortaleza para seguir formando al pueblo meride\u00f1o\u201d. Sin dejar de mencionar su experiencia propia como gerente, que tras la pandemia, la raz\u00f3n humana del Inces, de inmediato se puso de manifiesto, con la confecci\u00f3n de tapabocas que se entregaron de manera gratuita al pueblo meride\u00f1o, <\/span><span style=\"font-family: Arial, serif;\">d<\/span><span style=\"font-family: Arial, serif;\">estac\u00f3.<\/span><\/span><\/p>\n<p style=\"text-align: justify;\" align=\"justify\">\n<p style=\"text-align: justify;\" align=\"justify\">\n","protected":false},"excerpt":{"rendered":"<p>** En el \u00faltimo trimestre del a\u00f1o, y bajo la modalidad, virtual, semipresencial y con puntos de apoyo pedag\u00f3gico, el CFS Bicentenario capacit\u00f3 y form\u00f3 aplicado el punto y c\u00edrculo<\/p>\n","protected":false},"author":4,"featured_media":40985,"comment_status":"closed","ping_status":"closed","sticky":false,"template":"","format":"standard","meta":{"footnotes":""},"categories":[2],"tags":[],"class_list":["post-40984","post","type-post","status-publish","format-standard","has-post-thumbnail","hentry","category-blog"],"_links":{"self":[{"href":"https:\/\/inces.gob.ve\/index.php\/wp-json\/wp\/v2\/posts\/40984","targetHints":{"allow":["GET"]}}],"collection":[{"href":"https:\/\/inces.gob.ve\/index.php\/wp-json\/wp\/v2\/posts"}],"about":[{"href":"https:\/\/inces.gob.ve\/index.php\/wp-json\/wp\/v2\/types\/post"}],"author":[{"embeddable":true,"href":"https:\/\/inces.gob.ve\/index.php\/wp-json\/wp\/v2\/users\/4"}],"replies":[{"embeddable":true,"href":"https:\/\/inces.gob.ve\/index.php\/wp-json\/wp\/v2\/comments?post=40984"}],"version-history":[{"count":2,"href":"https:\/\/inces.gob.ve\/index.php\/wp-json\/wp\/v2\/posts\/40984\/revisions"}],"predecessor-version":[{"id":40987,"href":"https:\/\/inces.gob.ve\/index.php\/wp-json\/wp\/v2\/posts\/40984\/revisions\/40987"}],"wp:featuredmedia":[{"embeddable":true,"href":"https:\/\/inces.gob.ve\/index.php\/wp-json\/wp\/v2\/media\/40985"}],"wp:attachment":[{"href":"https:\/\/inces.gob.ve\/index.php\/wp-json\/wp\/v2\/media?parent=40984"}],"wp:term":[{"taxonomy":"category","embeddable":true,"href":"https:\/\/inces.gob.ve\/index.php\/wp-json\/wp\/v2\/categories?post=40984"},{"taxonomy":"post_tag","embeddable":true,"href":"https:\/\/inces.gob.ve\/index.php\/wp-json\/wp\/v2\/tags?post=40984"}],"curies":[{"name":"wp","href":"https:\/\/api.w.org\/{rel}","templated":true}]}}