{"id":40991,"date":"2021-12-17T11:06:39","date_gmt":"2021-12-17T15:06:39","guid":{"rendered":"https:\/\/inces.gob.ve\/?p=40991"},"modified":"2022-01-07T11:05:33","modified_gmt":"2022-01-07T15:05:33","slug":"trujillo-inces-les-desea-feliz-navidad-y-prospero-ano-nuevo","status":"publish","type":"post","link":"https:\/\/inces.gob.ve\/index.php\/2021\/12\/17\/trujillo-inces-les-desea-feliz-navidad-y-prospero-ano-nuevo\/","title":{"rendered":"TRUJILLO | Inces les desea feliz Navidad y pr\u00f3spero a\u00f1o nuevo"},"content":{"rendered":"<p><span style=\"font-size: 14pt;\"><strong><em>** En un sencillo \u00e1gape los trabajadores y docentes del Inces se mezclaron en esta celebraci\u00f3n que consisti\u00f3 en caraotas negras, arepas, queso, pan, jam\u00f3n, ensalada de vegetales, crema, nata, mantequilla, picante, jugos de lim\u00f3n, papel\u00f3n, pi\u00f1a entre otros que fueron preparados en su gran mayor\u00eda por los asistentes<\/em><\/strong><!--more--><\/span><\/p>\n<p>&nbsp;<\/p>\n<p><span style=\"font-size: 14pt;\"><strong>MAR\u00cdA CABRERA<\/strong><\/span><\/p>\n<p align=\"justify\"><span style=\"font-size: 14pt;\">Estas navidades fueron la ocasi\u00f3n especial que los trabajadores y docentes del Inces-Trujillo aprovecharan, en la medida que les permiti\u00f3 la pandemia, compartir con similares y en especial renovar fuerzas para que el venidero a\u00f1o 2022.<\/span><\/p>\n<p align=\"justify\"><span style=\"font-size: 14pt;\">El compartir fue efectuado en las instalaciones del Centro de Formaci\u00f3n Socialista \u201cBarbarita de La Torre\u201d. Se trat\u00f3 de un \u00e1gape bastante sencillo, pero con mucho sabor criollo, que organiz\u00f3 la Unidad B\u00e1sica del Inces-Trujillo donde los buenos deseos por parte de todos abarco\u00f3 este festejo.<\/span><\/p>\n<p align=\"justify\"><span style=\"font-size: 14pt;\">Solimar Mori<\/span><\/p>\n","protected":false},"excerpt":{"rendered":"<p>** En un sencillo \u00e1gape los trabajadores y docentes del Inces se mezclaron en esta celebraci\u00f3n que consisti\u00f3 en caraotas negras, arepas, queso, pan, jam\u00f3n, ensalada de vegetales, crema, nata, mantequilla, picante, jugos de lim\u00f3n, papel\u00f3n, pi\u00f1a entre otros que fueron preparados en su gran mayor\u00eda por los asistentes<\/p>\n","protected":false},"author":4,"featured_media":40992,"comment_status":"closed","ping_status":"closed","sticky":false,"template":"","format":"standard","meta":{"footnotes":""},"categories":[2],"tags":[],"class_list":["post-40991","post","type-post","status-publish","format-standard","has-post-thumbnail","hentry","category-blog"],"_links":{"self":[{"href":"https:\/\/inces.gob.ve\/index.php\/wp-json\/wp\/v2\/posts\/40991","targetHints":{"allow":["GET"]}}],"collection":[{"href":"https:\/\/inces.gob.ve\/index.php\/wp-json\/wp\/v2\/posts"}],"about":[{"href":"https:\/\/inces.gob.ve\/index.php\/wp-json\/wp\/v2\/types\/post"}],"author":[{"embeddable":true,"href":"https:\/\/inces.gob.ve\/index.php\/wp-json\/wp\/v2\/users\/4"}],"replies":[{"embeddable":true,"href":"https:\/\/inces.gob.ve\/index.php\/wp-json\/wp\/v2\/comments?post=40991"}],"version-history":[{"count":2,"href":"https:\/\/inces.gob.ve\/index.php\/wp-json\/wp\/v2\/posts\/40991\/revisions"}],"predecessor-version":[{"id":41024,"href":"https:\/\/inces.gob.ve\/index.php\/wp-json\/wp\/v2\/posts\/40991\/revisions\/41024"}],"wp:featuredmedia":[{"embeddable":true,"href":"https:\/\/inces.gob.ve\/index.php\/wp-json\/wp\/v2\/media\/40992"}],"wp:attachment":[{"href":"https:\/\/inces.gob.ve\/index.php\/wp-json\/wp\/v2\/media?parent=40991"}],"wp:term":[{"taxonomy":"category","embeddable":true,"href":"https:\/\/inces.gob.ve\/index.php\/wp-json\/wp\/v2\/categories?post=40991"},{"taxonomy":"post_tag","embeddable":true,"href":"https:\/\/inces.gob.ve\/index.php\/wp-json\/wp\/v2\/tags?post=40991"}],"curies":[{"name":"wp","href":"https:\/\/api.w.org\/{rel}","templated":true}]}}