{"id":40998,"date":"2022-01-05T11:23:39","date_gmt":"2022-01-05T15:23:39","guid":{"rendered":"https:\/\/inces.gob.ve\/?p=40998"},"modified":"2022-01-05T11:23:39","modified_gmt":"2022-01-05T15:23:39","slug":"merida-aprendices-recibieron-acreditacionesde-la-escuela-don-luis-zambrano","status":"publish","type":"post","link":"https:\/\/inces.gob.ve\/index.php\/2022\/01\/05\/merida-aprendices-recibieron-acreditacionesde-la-escuela-don-luis-zambrano\/","title":{"rendered":"M\u00c9RIDA | Aprendices recibieron acreditacionesde la Escuela Don Luis Zambrano"},"content":{"rendered":"<p align=\"justify\"><span style=\"font-size: 14pt;\"><strong><span style=\"color: #000000;\"><span style=\"font-family: Arial, serif;\"><i>** A pesar de la pandemia, la educaci\u00f3n de los j\u00f3venes se mantienen en sus diferentes salidas ocupacionales<\/i><\/span><\/span><\/strong><!--more--><\/span><\/p>\n<p align=\"justify\">\n<p align=\"justify\"><span style=\"color: #000000; font-size: 14pt;\"><span style=\"font-family: Arial, serif;\"><b>NADIA LOBO<\/b><\/span><\/span><\/p>\n<p align=\"justify\"><span style=\"font-size: 14pt;\"><span style=\"font-family: Arial, serif;\">El <\/span><span style=\"font-family: Arial, serif;\">gerente regional del Instituto Nacional de Capacitaci\u00f3n y Educaci\u00f3n Socialista (Inces-M\u00e9rida) Geldrit Roca inform\u00f3 que en medio de la pandemia, <\/span><span style=\"font-family: Arial, serif;\">e<\/span><span style=\"font-family: Arial, serif;\">sta instituci\u00f3n ha mantenido las actividades formativas, incluyendo la capacitaci\u00f3n de 120 aprendices que se integraron en la programaci\u00f3n acad\u00e9mica pautada para el a\u00f1o 2021.<\/span><\/span><\/p>\n<p align=\"justify\">\n<p align=\"justify\"><span style=\"font-size: 14pt;\"><span style=\"font-family: Arial, serif;\">De igual manera indic\u00f3 que en esta oportunidad los aprendices Inces recibieron las constancias y acreditaciones de la Escuela Don Luis Zambrano, <\/span><span style=\"font-family: Arial, serif;\">luego que<\/span><span style=\"font-family: Arial, serif;\"> culminaron los siguientes cursos: Seguridad Industrial, Relaciones Humanas, <\/span><span style=\"font-family: Arial, serif;\">Resiliencia<\/span><span style=\"font-family: Arial, serif;\">, Gu\u00eda de Turismo B\u00e1sico, Valores en Acci\u00f3n, Atenci\u00f3n al P\u00fablico, Ortograf\u00eda, entre otros.<\/span><\/span><\/p>\n<p align=\"justify\">\n<p align=\"justify\"><span style=\"font-size: 14pt;\"><span style=\"font-family: Arial, serif;\">El titular del Inces agradeci\u00f3 a la Escuela de Formaci\u00f3n de Mercal \u201cDon Luis Zambrano\u201d, y a todos sus profesores, maestros <\/span><span style=\"font-family: Arial, serif;\">y<\/span><span style=\"font-family: Arial, serif;\"> tutores quien<\/span><span style=\"font-family: Arial, serif;\">es<\/span><span style=\"font-family: Arial, serif;\"> con esmero y dedicaci\u00f3n han venido acompa\u00f1ando a los aprendices con una formaci\u00f3n integral.<\/span><\/span><\/p>\n<p align=\"justify\">\n<p align=\"justify\"><span style=\"font-size: 14pt;\"><span style=\"font-family: Arial, serif;\">Por otra parte, tambi\u00e9n agradeci\u00f3 a las entidades de trabajo tanto p\u00fablicas como privadas que han venido cumpliendo con las obligaciones tributarias, entre las que destaca la incorporaci\u00f3n a sus n\u00f3minas de trabajo a los j\u00f3venes aprendice<\/span><span style=\"font-family: Arial, serif;\">s<\/span><span style=\"font-family: Arial, serif;\">, tal y como lo establecen las leyes correspondientes.<\/span><\/span><\/p>\n<p align=\"justify\">\n","protected":false},"excerpt":{"rendered":"<p>** A pesar de la pandemia, la educaci\u00f3n de los j\u00f3venes se mantienen en sus diferentes salidas ocupacionales<\/p>\n","protected":false},"author":4,"featured_media":40999,"comment_status":"closed","ping_status":"closed","sticky":false,"template":"","format":"standard","meta":{"footnotes":""},"categories":[2],"tags":[],"class_list":["post-40998","post","type-post","status-publish","format-standard","has-post-thumbnail","hentry","category-blog"],"_links":{"self":[{"href":"https:\/\/inces.gob.ve\/index.php\/wp-json\/wp\/v2\/posts\/40998","targetHints":{"allow":["GET"]}}],"collection":[{"href":"https:\/\/inces.gob.ve\/index.php\/wp-json\/wp\/v2\/posts"}],"about":[{"href":"https:\/\/inces.gob.ve\/index.php\/wp-json\/wp\/v2\/types\/post"}],"author":[{"embeddable":true,"href":"https:\/\/inces.gob.ve\/index.php\/wp-json\/wp\/v2\/users\/4"}],"replies":[{"embeddable":true,"href":"https:\/\/inces.gob.ve\/index.php\/wp-json\/wp\/v2\/comments?post=40998"}],"version-history":[{"count":1,"href":"https:\/\/inces.gob.ve\/index.php\/wp-json\/wp\/v2\/posts\/40998\/revisions"}],"predecessor-version":[{"id":41000,"href":"https:\/\/inces.gob.ve\/index.php\/wp-json\/wp\/v2\/posts\/40998\/revisions\/41000"}],"wp:featuredmedia":[{"embeddable":true,"href":"https:\/\/inces.gob.ve\/index.php\/wp-json\/wp\/v2\/media\/40999"}],"wp:attachment":[{"href":"https:\/\/inces.gob.ve\/index.php\/wp-json\/wp\/v2\/media?parent=40998"}],"wp:term":[{"taxonomy":"category","embeddable":true,"href":"https:\/\/inces.gob.ve\/index.php\/wp-json\/wp\/v2\/categories?post=40998"},{"taxonomy":"post_tag","embeddable":true,"href":"https:\/\/inces.gob.ve\/index.php\/wp-json\/wp\/v2\/tags?post=40998"}],"curies":[{"name":"wp","href":"https:\/\/api.w.org\/{rel}","templated":true}]}}