{"id":41094,"date":"2022-01-17T10:43:31","date_gmt":"2022-01-17T14:43:31","guid":{"rendered":"https:\/\/inces.gob.ve\/?p=41094"},"modified":"2022-01-17T10:43:31","modified_gmt":"2022-01-17T14:43:31","slug":"aragua-inces-inicia-los-procesos-formativos-con-entidades-de-trabajo","status":"publish","type":"post","link":"https:\/\/inces.gob.ve\/index.php\/2022\/01\/17\/aragua-inces-inicia-los-procesos-formativos-con-entidades-de-trabajo\/","title":{"rendered":"ARAGUA | \u00a0Inces inicia los procesos formativos con entidades de trabajo"},"content":{"rendered":"<p style=\"text-align: justify;\"><em><strong><span style=\"font-size: 14pt;\">** Trabajadores de Gas Comunal ser\u00e1n formados por el Inces<\/span><\/strong><\/em><br \/>\n<!--more--><\/p>\n<p>&nbsp;<\/p>\n<p><strong><span style=\"font-size: 14pt;\">ROD\u00cdN BUSTILLOS<\/span><\/strong><\/p>\n<p style=\"text-align: justify;\"><span style=\"font-size: 14pt;\">El Instituto Nacional de Capacitaci\u00f3n y Educaci\u00f3n Socialista (Inces) Aragua, a trav\u00e9s de la Unidad de Formaci\u00f3n Delegada y Adiestramiento en Entidades de Trabajo, dando cumplimiento al Plan de Formadores de Entidades de Trabajo (FET), como lineamiento del presidente Nicol\u00e1s Maduro Moros y del viceministro de Comunidades Educativas\u00a0 y Uni\u00f3n del Pueblo y presidente del Inces, Wuikelman Angel, s\u00ed como del gerente regional del Inces Araguam, Oliver Medina, fortalece la formaci\u00f3n y autoformaci\u00f3n en las entidades de trabajo como estrategia primordial en los procesos de formaci\u00f3n para impulsar una econom\u00eda productiva dentro de los 16 motores de la naci\u00f3n.<\/span><\/p>\n<p style=\"text-align: justify;\">\n<p style=\"text-align: justify;\"><span style=\"font-size: 14pt;\">Al respecto, se realiz\u00f3 reuni\u00f3n con el equipo de trabajo para el arranque de los procesos formativos productivos del a\u00f1o 2022. As\u00ed lo inform\u00f3 la jefa de la Unidad de Formaci\u00f3n Delegada y Adiestramiento en Entidades de Trabajo.<\/span><\/p>\n<p style=\"text-align: justify;\">\n<p style=\"text-align: justify;\"><span style=\"font-size: 14pt;\">\u00abSe explicaron todas las orientaciones emitidas por el gerente regional, as\u00ed como tambi\u00e9n informar la fecha de arranque para las formaciones y acreditaci\u00f3n de saberes, iniando esta misma semana con las entidades de trabajo Gas Comunal y Alimentos\u00a0 Kellogg, S.A.<\/span><\/p>\n<p style=\"text-align: justify;\">\n<p style=\"text-align: justify;\"><span style=\"font-size: 14pt;\">En Alimentos Kellogg se contin\u00faa con la formaci\u00f3n de los FET y cursos para los trabajadores\u00bb Acot\u00f3 Carpio. Asimismo, inform\u00f3 Carpio sobre la reuni\u00f3n sostenida con la entidad de trabajo Gas Comunal, ubicada en el sector industrial Pi\u00f1onal: \u00abAll\u00ed se inform\u00f3 sobre los procesos formativos y productivos que ofrece la instituci\u00f3n, para as\u00ed dar cumplimiento al plan de formaci\u00f3n, acordando iniciar y dar la formaci\u00f3n y acreditaci\u00f3n de saberes la semana del 17 de enero del a\u00f1o en curso\u00bb.<\/span><\/p>\n<p style=\"text-align: justify;\">\n<p style=\"text-align: justify;\"><span style=\"font-size: 14pt;\">Recalc\u00f3 Carpio que esta entidad de trabajo Gas Comunal est\u00e1 desplegada por varios municipios de la entidad arag\u00fce\u00f1a, municipios Santiago Mari\u00f1o, Francisco Linares Alc\u00e1ntara, Sucre y Girardot.<\/span><\/p>\n<p style=\"text-align: justify;\">\n<p style=\"text-align: justify;\"><span style=\"font-size: 14pt;\">\u00abCon un aproximado de 347 trabajadores, esta entidad de trabajo Gas Comunal se comprometi\u00f3 a realizar los procesos formativos con el Inces, para dar cumplimiento a la formaci\u00f3n y autoformaci\u00f3n, colectiva, Integral, contin\u00faa y permanente de sus trabajadores\u00bb, puntualiz\u00f3 Carpio.<\/span><\/p>\n","protected":false},"excerpt":{"rendered":"<p>** Trabajadores de Gas Comunal ser\u00e1n formados por el Inces<\/p>\n","protected":false},"author":4,"featured_media":35921,"comment_status":"closed","ping_status":"closed","sticky":false,"template":"","format":"standard","meta":{"footnotes":""},"categories":[2],"tags":[351],"class_list":["post-41094","post","type-post","status-publish","format-standard","has-post-thumbnail","hentry","category-blog","tag-aragua-formacionenentidadesdetrabajo"],"_links":{"self":[{"href":"https:\/\/inces.gob.ve\/index.php\/wp-json\/wp\/v2\/posts\/41094","targetHints":{"allow":["GET"]}}],"collection":[{"href":"https:\/\/inces.gob.ve\/index.php\/wp-json\/wp\/v2\/posts"}],"about":[{"href":"https:\/\/inces.gob.ve\/index.php\/wp-json\/wp\/v2\/types\/post"}],"author":[{"embeddable":true,"href":"https:\/\/inces.gob.ve\/index.php\/wp-json\/wp\/v2\/users\/4"}],"replies":[{"embeddable":true,"href":"https:\/\/inces.gob.ve\/index.php\/wp-json\/wp\/v2\/comments?post=41094"}],"version-history":[{"count":1,"href":"https:\/\/inces.gob.ve\/index.php\/wp-json\/wp\/v2\/posts\/41094\/revisions"}],"predecessor-version":[{"id":41095,"href":"https:\/\/inces.gob.ve\/index.php\/wp-json\/wp\/v2\/posts\/41094\/revisions\/41095"}],"wp:featuredmedia":[{"embeddable":true,"href":"https:\/\/inces.gob.ve\/index.php\/wp-json\/wp\/v2\/media\/35921"}],"wp:attachment":[{"href":"https:\/\/inces.gob.ve\/index.php\/wp-json\/wp\/v2\/media?parent=41094"}],"wp:term":[{"taxonomy":"category","embeddable":true,"href":"https:\/\/inces.gob.ve\/index.php\/wp-json\/wp\/v2\/categories?post=41094"},{"taxonomy":"post_tag","embeddable":true,"href":"https:\/\/inces.gob.ve\/index.php\/wp-json\/wp\/v2\/tags?post=41094"}],"curies":[{"name":"wp","href":"https:\/\/api.w.org\/{rel}","templated":true}]}}