{"id":41103,"date":"2022-01-18T07:17:18","date_gmt":"2022-01-18T11:17:18","guid":{"rendered":"https:\/\/inces.gob.ve\/?p=41103"},"modified":"2022-01-18T07:17:18","modified_gmt":"2022-01-18T11:17:18","slug":"carabobo-unidad-educativa-del-inces-participa-en-reunion-con-el-centro-penitenciario-de-tocuyito","status":"publish","type":"post","link":"https:\/\/inces.gob.ve\/index.php\/2022\/01\/18\/carabobo-unidad-educativa-del-inces-participa-en-reunion-con-el-centro-penitenciario-de-tocuyito\/","title":{"rendered":"CARABOBO | Unidad Educativa del Inces participa en reuni\u00f3n con el Centro Penitenciario de Tocuyito"},"content":{"rendered":"<p style=\"text-align: justify;\" align=\"justify\"><em><strong><span style=\"font-size: 14pt;\"><span style=\"color: #000000;\"><span style=\"font-family: Arial, serif;\">** Entre los puntos a tratar es<\/span><\/span><span style=\"color: #000000;\"><span style=\"font-family: Arial, serif;\">tuvo<\/span><\/span><span style=\"color: #000000;\"><span style=\"font-family: Arial, serif;\"> la participaci\u00f3n de 60 privadas y privados de libertad en e<\/span><\/span><span style=\"color: #000000;\"><span style=\"font-family: Arial, serif;\">l P<\/span><\/span><span style=\"color: #000000;\"><span style=\"font-family: Arial, serif;\">rograma Bachillerato Productivo<\/span><\/span><\/span><\/strong><\/em><!--more--><\/p>\n<p style=\"text-align: justify;\" align=\"justify\">\n<p style=\"text-align: justify;\" align=\"justify\"><span style=\"font-size: 14pt;\"><b><span style=\"color: #000000;\"><span style=\"font-family: Arial, serif;\">ATILIA CORTEZ CA\u00d1ADAS<\/span><\/span><\/b><\/span><\/p>\n<p style=\"text-align: justify;\" align=\"justify\"><span style=\"font-size: 14pt;\"><span style=\"color: #000000;\"><span style=\"font-family: Arial, serif;\">En el Centro Penitenciario de Tocuyito, ubicado en el municipio Libertador del estado Carabobo, se llev\u00f3 a cabo una reuni\u00f3n a fin de tratar temas de formaci\u00f3n y educaci\u00f3n media de las privadas y privados de libertad donde particip\u00f3<\/span><\/span><span style=\"color: #000000;\"><span style=\"font-family: Arial, serif;\">la<\/span><\/span><span style=\"color: #000000;\"><span style=\"font-family: Arial, serif;\"> coordinadora de la U.E del Inces Carabobo, Mar\u00eda Auxiliadora Pinto <\/span><\/span><\/span><\/p>\n<p style=\"text-align: justify;\" align=\"justify\">\n<p style=\"text-align: justify;\" align=\"justify\"><span style=\"font-size: 14pt;\"><span style=\"color: #000000;\"><span style=\"font-family: Arial, serif;\">Al respecto, la profesora Pinto expres\u00f3 que en el <\/span><\/span><span style=\"color: #000000;\"><span style=\"font-family: Arial, serif;\">c<\/span><\/span><span style=\"color: #000000;\"><span style=\"font-family: Arial, serif;\">entro <\/span><\/span><span style=\"color: #000000;\"><span style=\"font-family: Arial, serif;\">p<\/span><\/span><span style=\"color: #000000;\"><span style=\"font-family: Arial, serif;\">enitenciario conocido c<\/span><\/span><span style=\"color: #000000;\"><span style=\"font-family: Arial, serif;\">o<\/span><\/span><span style=\"color: #000000;\"><span style=\"font-family: Arial, serif;\">mo la M<\/span><\/span><span style=\"color: #000000;\"><span style=\"font-family: Arial, serif;\">\u00ed<\/span><\/span><span style=\"color: #000000;\"><span style=\"font-family: Arial, serif;\">nima de Tocuyito, \u00abtenemos una nomina de 60 estudiantes, los cuales deben ser ingresados en el sistema de gesti\u00f3n escolar del Ministerio del Poder Popular <\/span><\/span><span style=\"color: #000000;\"><span style=\"font-family: Arial, serif;\">para la <\/span><\/span><span style=\"color: #000000;\"><span style=\"font-family: Arial, serif;\">Educaci\u00f3n\u00bb.<\/span><\/span><\/span><\/p>\n<p style=\"text-align: justify;\" align=\"justify\">\n<p style=\"text-align: justify;\" align=\"justify\"><span style=\"font-size: 14pt;\"><span style=\"color: #000000;\"><span style=\"font-family: Arial, serif;\">Pinto destac\u00f3 que la ocasi\u00f3n fue propicia tambi<\/span><\/span><span style=\"color: #000000;\"><span style=\"font-family: Arial, serif;\">\u00e9<\/span><\/span><span style=\"color: #000000;\"><span style=\"font-family: Arial, serif;\">n para llevar hojas de reciclaje, novelas, poemarios y libros de la Colecci\u00f3n Bicentenaria. \u201c<\/span><\/span><span style=\"color: #000000;\"><span style=\"font-family: Arial, serif;\">E<\/span><\/span><span style=\"color: #000000;\"><span style=\"font-family: Arial, serif;\">n ambas <\/span><\/span><span style=\"color: #000000;\"><span style=\"font-family: Arial, serif;\">las a<\/span><\/span><span style=\"color: #000000;\"><span style=\"font-family: Arial, serif;\">ctividades, <\/span><\/span><span style=\"color: #000000;\"><span style=\"font-family: Arial, serif;\">que fueron dos,<\/span><\/span><span style=\"color: #000000;\"><span style=\"font-family: Arial, serif;\"> participamos tanto la profesora Rosbely S\u00e1nchez, coordinadora de <\/span><\/span><span style=\"color: #000000;\"><span style=\"font-family: Arial, serif;\">C<\/span><\/span><span style=\"color: #000000;\"><span style=\"font-family: Arial, serif;\">ontrol de <\/span><\/span><span style=\"color: #000000;\"><span style=\"font-family: Arial, serif;\">E<\/span><\/span><span style=\"color: #000000;\"><span style=\"font-family: Arial, serif;\">studios de la U.E Inces Carabobo <\/span><\/span><span style=\"color: #000000;\"><span style=\"font-family: Arial, serif;\">como <\/span><\/span><span style=\"color: #000000;\"><span style=\"font-family: Arial, serif;\">mi persona\u00bb.<\/span><\/span><\/span><\/p>\n","protected":false},"excerpt":{"rendered":"<p>** Entre los puntos a tratar estuvo la participaci\u00f3n de 60 privadas y privados de libertad en el Programa Bachillerato Productivo<\/p>\n","protected":false},"author":4,"featured_media":40745,"comment_status":"closed","ping_status":"closed","sticky":false,"template":"","format":"standard","meta":{"footnotes":""},"categories":[2],"tags":[],"class_list":["post-41103","post","type-post","status-publish","format-standard","has-post-thumbnail","hentry","category-blog"],"_links":{"self":[{"href":"https:\/\/inces.gob.ve\/index.php\/wp-json\/wp\/v2\/posts\/41103","targetHints":{"allow":["GET"]}}],"collection":[{"href":"https:\/\/inces.gob.ve\/index.php\/wp-json\/wp\/v2\/posts"}],"about":[{"href":"https:\/\/inces.gob.ve\/index.php\/wp-json\/wp\/v2\/types\/post"}],"author":[{"embeddable":true,"href":"https:\/\/inces.gob.ve\/index.php\/wp-json\/wp\/v2\/users\/4"}],"replies":[{"embeddable":true,"href":"https:\/\/inces.gob.ve\/index.php\/wp-json\/wp\/v2\/comments?post=41103"}],"version-history":[{"count":1,"href":"https:\/\/inces.gob.ve\/index.php\/wp-json\/wp\/v2\/posts\/41103\/revisions"}],"predecessor-version":[{"id":41104,"href":"https:\/\/inces.gob.ve\/index.php\/wp-json\/wp\/v2\/posts\/41103\/revisions\/41104"}],"wp:featuredmedia":[{"embeddable":true,"href":"https:\/\/inces.gob.ve\/index.php\/wp-json\/wp\/v2\/media\/40745"}],"wp:attachment":[{"href":"https:\/\/inces.gob.ve\/index.php\/wp-json\/wp\/v2\/media?parent=41103"}],"wp:term":[{"taxonomy":"category","embeddable":true,"href":"https:\/\/inces.gob.ve\/index.php\/wp-json\/wp\/v2\/categories?post=41103"},{"taxonomy":"post_tag","embeddable":true,"href":"https:\/\/inces.gob.ve\/index.php\/wp-json\/wp\/v2\/tags?post=41103"}],"curies":[{"name":"wp","href":"https:\/\/api.w.org\/{rel}","templated":true}]}}