{"id":41188,"date":"2022-01-27T06:58:24","date_gmt":"2022-01-27T10:58:24","guid":{"rendered":"https:\/\/inces.gob.ve\/?p=41188"},"modified":"2022-01-27T06:58:24","modified_gmt":"2022-01-27T10:58:24","slug":"apure-inces-establece-alianzas-interinstitucionales-para-recuperar-espacios-educativos","status":"publish","type":"post","link":"https:\/\/inces.gob.ve\/index.php\/2022\/01\/27\/apure-inces-establece-alianzas-interinstitucionales-para-recuperar-espacios-educativos\/","title":{"rendered":"APURE | Inces establece alianzas interinstitucionales para recuperar espacios educativos"},"content":{"rendered":"<p style=\"text-align: justify;\"><em><strong><span style=\"font-size: 14pt;\">** Trabajos de recuperaci\u00f3n de escuela se vienen realizando desde el me de diciembre con mucha fuerza<\/span><\/strong><\/em><!--more--><\/p>\n<p>&nbsp;<\/p>\n<p style=\"text-align: justify;\"><strong><span style=\"font-size: 14pt;\">NILZA GONZ\u00c1LEZ<\/span><\/strong><\/p>\n<p style=\"text-align: justify;\"><span style=\"font-size: 14pt;\">La Escuela de Educaci\u00f3n Inicial Rayito de Luz, del sector Santa Ana del municipio Biruaca, fue beneficiada con la rehabilitaci\u00f3n del sistema de iluminaci\u00f3n y soldadura de estructuras met\u00e1licas.<\/span><\/p>\n<p>&nbsp;<\/p>\n<p style=\"text-align: justify;\"><span style=\"font-size: 14pt;\">Entre las tareas realizadas por la brigada del Inces Apure est\u00e1 la reparaci\u00f3n y soldadura del tobog\u00e1n, puerta trasera, reja del ambiente de aprendizaje de educaci\u00f3n inicial, reparaci\u00f3n de rejas de cercado perimetral y de sockets de bombillos. La actividad fue supervisada por el gerente regional Daviel Rodr\u00edguez. <\/span><\/p>\n<p>&nbsp;<\/p>\n<p style=\"text-align: justify;\"><span style=\"font-size: 14pt;\">Este trabajo se viene haciendo de manera articulada entre la gobernaci\u00f3n del estado, zona educativa e Inces en el marco de las caminatas y los casa a casa que lleva a diario el gobernador Germ\u00e1n Eduardo Pi\u00f1ate para dar respuesta a las comunidades y los sectores m\u00e1s necesitados y vulnerables.<\/span><\/p>\n","protected":false},"excerpt":{"rendered":"<p>** Trabajos de recuperaci\u00f3n de escuela se vienen realizando desde el me de diciembre con mucha fuerza<\/p>\n","protected":false},"author":4,"featured_media":29896,"comment_status":"closed","ping_status":"closed","sticky":false,"template":"","format":"standard","meta":{"footnotes":""},"categories":[2],"tags":[355,96,356],"class_list":["post-41188","post","type-post","status-publish","format-standard","has-post-thumbnail","hentry","category-blog","tag-recuperaciondeescuelas","tag-apure","tag-gobernacion"],"_links":{"self":[{"href":"https:\/\/inces.gob.ve\/index.php\/wp-json\/wp\/v2\/posts\/41188","targetHints":{"allow":["GET"]}}],"collection":[{"href":"https:\/\/inces.gob.ve\/index.php\/wp-json\/wp\/v2\/posts"}],"about":[{"href":"https:\/\/inces.gob.ve\/index.php\/wp-json\/wp\/v2\/types\/post"}],"author":[{"embeddable":true,"href":"https:\/\/inces.gob.ve\/index.php\/wp-json\/wp\/v2\/users\/4"}],"replies":[{"embeddable":true,"href":"https:\/\/inces.gob.ve\/index.php\/wp-json\/wp\/v2\/comments?post=41188"}],"version-history":[{"count":1,"href":"https:\/\/inces.gob.ve\/index.php\/wp-json\/wp\/v2\/posts\/41188\/revisions"}],"predecessor-version":[{"id":41189,"href":"https:\/\/inces.gob.ve\/index.php\/wp-json\/wp\/v2\/posts\/41188\/revisions\/41189"}],"wp:featuredmedia":[{"embeddable":true,"href":"https:\/\/inces.gob.ve\/index.php\/wp-json\/wp\/v2\/media\/29896"}],"wp:attachment":[{"href":"https:\/\/inces.gob.ve\/index.php\/wp-json\/wp\/v2\/media?parent=41188"}],"wp:term":[{"taxonomy":"category","embeddable":true,"href":"https:\/\/inces.gob.ve\/index.php\/wp-json\/wp\/v2\/categories?post=41188"},{"taxonomy":"post_tag","embeddable":true,"href":"https:\/\/inces.gob.ve\/index.php\/wp-json\/wp\/v2\/tags?post=41188"}],"curies":[{"name":"wp","href":"https:\/\/api.w.org\/{rel}","templated":true}]}}