{"id":41201,"date":"2022-01-31T01:28:19","date_gmt":"2022-01-31T05:28:19","guid":{"rendered":"https:\/\/inces.gob.ve\/?p=41201"},"modified":"2022-01-29T20:29:57","modified_gmt":"2022-01-30T00:29:57","slug":"cojedes-inces-forma-a-personal-de-la-alcaldia-de-ricaurte","status":"publish","type":"post","link":"https:\/\/inces.gob.ve\/index.php\/2022\/01\/31\/cojedes-inces-forma-a-personal-de-la-alcaldia-de-ricaurte\/","title":{"rendered":"COJEDES | Inces forma a personal de la alcald\u00eda de Ricaurte"},"content":{"rendered":"<p style=\"text-align: justify;\"><em><strong><span style=\"font-size: 14pt;\">** El instituto educativo regional forma al trabajador en su espacio laboral<\/span><\/strong><\/em><!--more--><\/p>\n<p>&nbsp;<\/p>\n<p style=\"text-align: justify;\"><strong><span style=\"font-size: 14pt;\">INCES COJEDES<\/span><\/strong><\/p>\n<p style=\"text-align: justify;\"><span style=\"font-size: 14pt;\">El Ince Cojedes llev\u00f3 a cabo la formaci\u00f3n Liderazgo y Gerencia Eficaz, dirigido al equipo de directores de l\u00ednea y responsables pol\u00edticos de la alcald\u00eda bolivariana de Ricaurte, dando as\u00ed cumplimiento a las orientaciones del Inces nacional, en lo que respecta al abordaje de las entidades de trabajo, formaci\u00f3n a trabajadores que se desempe\u00f1an en empresas que prestan servicios p\u00fablicos y la organizaci\u00f3n de la clase trabajadora.<\/span><\/p>\n<p>&nbsp;<\/p>\n<p style=\"text-align: justify;\"><span style=\"font-size: 14pt;\">La actividad fue organizada por el alcalde Damian Barradas y el profesor Jos\u00e9 R\u00edos, jefe de Formaci\u00f3n Profesional del Inces Cojedes, todo en el marco de la instalaci\u00f3n de la Mesa de Evaluaci\u00f3n, Construcci\u00f3n y Desarrollo Curricular Permanente, en el municipio Ricaurte.<\/span><\/p>\n<p>&nbsp;<\/p>\n<p style=\"text-align: justify;\"><span style=\"font-size: 14pt;\">De igual forma fueron atendidos los trabajadores de apoyo administrativo y atenci\u00f3n del p\u00fablico con la formaci\u00f3n Relaciones Humanas: una mirada interpersonal del otro, con la intenci\u00f3n de contribuir con una mejora de la atenci\u00f3n del pueblo en Ricaurte.<\/span><\/p>\n","protected":false},"excerpt":{"rendered":"<p>** El instituto educativo regional forma al trabajador en su espacio laboral<\/p>\n","protected":false},"author":4,"featured_media":41202,"comment_status":"closed","ping_status":"closed","sticky":false,"template":"","format":"standard","meta":{"footnotes":""},"categories":[2],"tags":[357],"class_list":["post-41201","post","type-post","status-publish","format-standard","has-post-thumbnail","hentry","category-blog","tag-cojedes-atencionentidadesdetrabajo"],"_links":{"self":[{"href":"https:\/\/inces.gob.ve\/index.php\/wp-json\/wp\/v2\/posts\/41201","targetHints":{"allow":["GET"]}}],"collection":[{"href":"https:\/\/inces.gob.ve\/index.php\/wp-json\/wp\/v2\/posts"}],"about":[{"href":"https:\/\/inces.gob.ve\/index.php\/wp-json\/wp\/v2\/types\/post"}],"author":[{"embeddable":true,"href":"https:\/\/inces.gob.ve\/index.php\/wp-json\/wp\/v2\/users\/4"}],"replies":[{"embeddable":true,"href":"https:\/\/inces.gob.ve\/index.php\/wp-json\/wp\/v2\/comments?post=41201"}],"version-history":[{"count":1,"href":"https:\/\/inces.gob.ve\/index.php\/wp-json\/wp\/v2\/posts\/41201\/revisions"}],"predecessor-version":[{"id":41203,"href":"https:\/\/inces.gob.ve\/index.php\/wp-json\/wp\/v2\/posts\/41201\/revisions\/41203"}],"wp:featuredmedia":[{"embeddable":true,"href":"https:\/\/inces.gob.ve\/index.php\/wp-json\/wp\/v2\/media\/41202"}],"wp:attachment":[{"href":"https:\/\/inces.gob.ve\/index.php\/wp-json\/wp\/v2\/media?parent=41201"}],"wp:term":[{"taxonomy":"category","embeddable":true,"href":"https:\/\/inces.gob.ve\/index.php\/wp-json\/wp\/v2\/categories?post=41201"},{"taxonomy":"post_tag","embeddable":true,"href":"https:\/\/inces.gob.ve\/index.php\/wp-json\/wp\/v2\/tags?post=41201"}],"curies":[{"name":"wp","href":"https:\/\/api.w.org\/{rel}","templated":true}]}}