{"id":41213,"date":"2022-01-31T00:02:48","date_gmt":"2022-01-31T04:02:48","guid":{"rendered":"https:\/\/inces.gob.ve\/?p=41213"},"modified":"2022-01-29T20:55:49","modified_gmt":"2022-01-30T00:55:49","slug":"carbobo-centro-de-formacion-bicentenario-dicto-taller-de-autoformacion-para-sus-maestros","status":"publish","type":"post","link":"https:\/\/inces.gob.ve\/index.php\/2022\/01\/31\/carbobo-centro-de-formacion-bicentenario-dicto-taller-de-autoformacion-para-sus-maestros\/","title":{"rendered":"CARBOBO | Centro de formaci\u00f3n Bicentenario dict\u00f3 taller de autoformaci\u00f3n para sus maestros"},"content":{"rendered":"<p style=\"text-align: justify;\"><span style=\"font-size: 14pt;\"><i><b>** La actividad estuvo dirigida por el profesor Jos\u00e9 Villanueva, quien comparti\u00f3 esta informaci\u00f3n con sus compa\u00f1eros docentes<\/b><\/i><\/span><!--more--><\/p>\n<p>&nbsp;<\/p>\n<p style=\"text-align: justify;\"><span style=\"font-size: 14pt;\"><b>ATILIA CORTEZ <\/b><\/span><\/p>\n<p style=\"text-align: justify;\"><span style=\"font-size: 14pt;\">Con la participaci\u00f3n de diez maestro t\u00e9cnicos productivos (MTP) del Centor de Formci\u00f3n Socialista (CFS) Bicentenario, se llev\u00f3 a cabo el taller Excelencia en la Calidad y el Servicio.<\/span><\/p>\n<p>&nbsp;<\/p>\n<p style=\"text-align: justify;\"><span style=\"font-size: 14pt;\">Al respecto el MTP Jos\u00e9 Villanueva, responsable de dictar el taller a sus compa\u00f1eras y compa\u00f1eros docente del centro expres\u00f3: \u00abA trav\u00e9s de esta formaci\u00f3n se persigue el mejoramiento y optimizaci\u00f3n de nuestras atribuciones en los distintos campos de trabajo\u00bb.<\/span><\/p>\n<p>&nbsp;<\/p>\n<p style=\"text-align: justify;\"><span style=\"font-size: 14pt;\">\u00abDe acuerdo al contenido program\u00e1tico el objetivo incluye fortalecer la pedagog\u00eda critica y constructiva, recreando circunstancias del aprendizaje y la evoluci\u00f3n emp\u00edrica y acad\u00e9mica\u00bb.<\/span><\/p>\n<p>&nbsp;<\/p>\n<p style=\"text-align: justify;\"><span style=\"font-size: 14pt;\">Es importante destacar que enfrentamos el reto de las formaciones virtuales la distancia y presencial. \u00abComprende de igual forma el an\u00e1lisis de las lineas estrat\u00e9gicas propuestas para el a\u00f1o en curso\u00bb.<\/span><\/p>\n<p>&nbsp;<\/p>\n<p style=\"text-align: justify;\"><span style=\"font-size: 14pt;\">Este plan de acci\u00f3n, en medio de la emergencia pand\u00e9mica, concluye con un acto de socializaci\u00f3n, donde las ponencias individuales del MTP son evaluadas cualitativa y cuantitativamente, de acuerdo a los recursos ontol\u00f3gicos y neuroling\u00fc\u00edsticos analizados\u00bb, concluy\u00f3 Villanueva.<\/span><\/p>\n","protected":false},"excerpt":{"rendered":"<p>** La actividad estuvo dirigida por el profesor Jos\u00e9 Villanueva, quien comparti\u00f3 esta informaci\u00f3n con sus compa\u00f1eros docentes<\/p>\n","protected":false},"author":4,"featured_media":41214,"comment_status":"closed","ping_status":"closed","sticky":false,"template":"","format":"standard","meta":{"footnotes":""},"categories":[2],"tags":[],"class_list":["post-41213","post","type-post","status-publish","format-standard","has-post-thumbnail","hentry","category-blog"],"_links":{"self":[{"href":"https:\/\/inces.gob.ve\/index.php\/wp-json\/wp\/v2\/posts\/41213","targetHints":{"allow":["GET"]}}],"collection":[{"href":"https:\/\/inces.gob.ve\/index.php\/wp-json\/wp\/v2\/posts"}],"about":[{"href":"https:\/\/inces.gob.ve\/index.php\/wp-json\/wp\/v2\/types\/post"}],"author":[{"embeddable":true,"href":"https:\/\/inces.gob.ve\/index.php\/wp-json\/wp\/v2\/users\/4"}],"replies":[{"embeddable":true,"href":"https:\/\/inces.gob.ve\/index.php\/wp-json\/wp\/v2\/comments?post=41213"}],"version-history":[{"count":1,"href":"https:\/\/inces.gob.ve\/index.php\/wp-json\/wp\/v2\/posts\/41213\/revisions"}],"predecessor-version":[{"id":41215,"href":"https:\/\/inces.gob.ve\/index.php\/wp-json\/wp\/v2\/posts\/41213\/revisions\/41215"}],"wp:featuredmedia":[{"embeddable":true,"href":"https:\/\/inces.gob.ve\/index.php\/wp-json\/wp\/v2\/media\/41214"}],"wp:attachment":[{"href":"https:\/\/inces.gob.ve\/index.php\/wp-json\/wp\/v2\/media?parent=41213"}],"wp:term":[{"taxonomy":"category","embeddable":true,"href":"https:\/\/inces.gob.ve\/index.php\/wp-json\/wp\/v2\/categories?post=41213"},{"taxonomy":"post_tag","embeddable":true,"href":"https:\/\/inces.gob.ve\/index.php\/wp-json\/wp\/v2\/tags?post=41213"}],"curies":[{"name":"wp","href":"https:\/\/api.w.org\/{rel}","templated":true}]}}